{"id":6669,"date":"2015-03-13T15:20:45","date_gmt":"2015-03-13T14:20:45","guid":{"rendered":"http:\/\/www.conselharan.org\/?p=6669"},"modified":"2015-03-13T15:20:45","modified_gmt":"2015-03-13T14:20:45","slug":"el-transport-public-intern-de-la-val-daran-incrementa-els-usuaris-durant-el-2014","status":"publish","type":"post","link":"https:\/\/www.conselharan.org\/ca\/el-transport-public-intern-de-la-val-daran-incrementa-els-usuaris-durant-el-2014\/","title":{"rendered":"El Transport p\u00fablic intern de la Val d&#8217;Aran incrementa els usuaris durant el 2014"},"content":{"rendered":"<p>\u2022 <strong>El transport, que arriba a l&#8217;estaci\u00f3 d&#8217;esqu\u00ed Baqueira Beret, \u00e9s utilitzat durant la temporada d&#8217;hivern pels esquiadors, un fet que demostra la seva consolidaci\u00f3 com un servei interessant pel sector tur\u00edstic.<\/strong><\/p>\n<p><a href=\"http:\/\/www.conselharan.org\/wp-content\/uploads\/2015\/03\/BUS_2015.jpg\"><img loading=\"lazy\" decoding=\"async\" class=\"aligncenter size-large wp-image-6666\" alt=\"BUS_2015\" src=\"http:\/\/www.conselharan.org\/wp-content\/uploads\/2015\/03\/BUS_2015-1024x685.jpg\" width=\"1024\" height=\"685\" srcset=\"https:\/\/www.conselharan.org\/wp-content\/uploads\/2015\/03\/BUS_2015-1024x685.jpg 1024w, https:\/\/www.conselharan.org\/wp-content\/uploads\/2015\/03\/BUS_2015-300x200.jpg 300w\" sizes=\"(max-width: 1024px) 100vw, 1024px\" \/><\/a><\/p>\n<p>El Gov\u00e8rn d&#8217;Aran ha treballat durant els \u00faltims anys per millorar els serveis de transport intern a la Val d\u2019Aran, ara, quan ja s&#8217;ha fet balan\u00e7 dels resultats de l&#8217;\u00faltim any, es pot afirmar que els canvis que s&#8217;han produ\u00eft en aquest servei han provocat uns bons resultats. L&#8217;increment de l&#8217;any 2013 respecte al 2014 ha estat considerable. S&#8217;ha passat de 88.400 viatgers a 135.480 en el 2014. Xifres que mostren que els nous serveis s&#8217;han convertit en una bona opci\u00f3 pels visitants que arriben a la vall, una bona alternativa pels esquiadors que volen pujar a Baqueira Beret o per qualsevol turista que vol visitar els pobles de l&#8217;Aran.<\/p>\n<p>En paraules de la conselh\u00e8ra de Turisme, Com\u00e8r\u00e7 i Transport d\u2019Aran, <strong>Anna D\u00edaz, \u201caquestes donades confirmen el treball realitzat pel Gov\u00e8rn aran\u00e8s en la millora i racionalitzaci\u00f3 del servei del transport p\u00fablic intern de la Val d\u2019Aran\u201d.<\/strong><\/p>\n<p>Entre els canvis m\u00e9s rellevants es troba el sistema de validaci\u00f3 de bitllets, que ha facilitat l&#8217;utilitzaci\u00f3 dels abonaments. Actualment s&#8217;ofereixen un abonament mensual per 22,00\u20ac, amb els quals es poden fer tots els despla\u00e7aments que es vulgui durant un per\u00edode de 30 dies. Tamb\u00e9 es pot comprar la targeta T10, amb la qu\u00e8 els bitllets es paguen a 0,90\u20ac cadasc\u00fan en lloc de 1,10\u20ac que \u00e9s el preu del bitllet senzill. Tamb\u00e9 s&#8217;estan instal\u2022lant pantalles informatives en les parades per tal de con\u00e8ixer el temps d&#8217;espera i tamb\u00e9 per tenir informats els viatgers si es produeix alguna incid\u00e8ncia. La flota d&#8217;autobusos del servei intern de la Val d&#8217;Aran est\u00e0 formada per 5 vehicles nous, retolats als laterals amb el logotip del Conselh Generau d&#8217;Aran.<\/p>\n<p>En els serveis que d\u00f3na Alsa entre la Val d&#8217;Aran i Lleida i Barcelona tamb\u00e9 s&#8217;ha implantat una nova targeta la T-10\/120 un abonament que permet al passatger obtenir un descompte superior al 50% (Val d&#8217;Aran Barcelona per 16,50\u20ac i Val d&#8217;Aran Lleida per 8,00\u20ac. Per aquells que viatgen menys, Alsa ha posat a la venda un abonament de 5 bitllets.<\/p>\n ","protected":false},"excerpt":{"rendered":"<p>\u2022 El transport, que arriba a l&#8217;estaci\u00f3 d&#8217;esqu\u00ed Baqueira Beret, \u00e9s utilitzat durant la temporada d&#8217;hivern pels esquiadors, un fet que demostra la seva consolidaci\u00f3 com un servei interessant pel sector tur\u00edstic. El Gov\u00e8rn d&#8217;Aran ha treballat durant els \u00faltims anys per millorar els serveis de transport intern a la Val d\u2019Aran, ara, quan ja&#8230;<\/p>\n","protected":false},"author":2,"featured_media":6666,"comment_status":"closed","ping_status":"closed","sticky":false,"template":"","format":"standard","meta":{"footnotes":""},"categories":[31,53,33,36],"tags":[],"_links":{"self":[{"href":"https:\/\/www.conselharan.org\/ca\/wp-json\/wp\/v2\/posts\/6669"}],"collection":[{"href":"https:\/\/www.conselharan.org\/ca\/wp-json\/wp\/v2\/posts"}],"about":[{"href":"https:\/\/www.conselharan.org\/ca\/wp-json\/wp\/v2\/types\/post"}],"author":[{"embeddable":true,"href":"https:\/\/www.conselharan.org\/ca\/wp-json\/wp\/v2\/users\/2"}],"replies":[{"embeddable":true,"href":"https:\/\/www.conselharan.org\/ca\/wp-json\/wp\/v2\/comments?post=6669"}],"version-history":[{"count":1,"href":"https:\/\/www.conselharan.org\/ca\/wp-json\/wp\/v2\/posts\/6669\/revisions"}],"predecessor-version":[{"id":6670,"href":"https:\/\/www.conselharan.org\/ca\/wp-json\/wp\/v2\/posts\/6669\/revisions\/6670"}],"wp:featuredmedia":[{"embeddable":true,"href":"https:\/\/www.conselharan.org\/ca\/wp-json\/wp\/v2\/media\/6666"}],"wp:attachment":[{"href":"https:\/\/www.conselharan.org\/ca\/wp-json\/wp\/v2\/media?parent=6669"}],"wp:term":[{"taxonomy":"category","embeddable":true,"href":"https:\/\/www.conselharan.org\/ca\/wp-json\/wp\/v2\/categories?post=6669"},{"taxonomy":"post_tag","embeddable":true,"href":"https:\/\/www.conselharan.org\/ca\/wp-json\/wp\/v2\/tags?post=6669"}],"curies":[{"name":"wp","href":"https:\/\/api.w.org\/{rel}","templated":true}]}}