{"id":66913,"date":"2026-04-28T11:01:43","date_gmt":"2026-04-28T09:01:43","guid":{"rendered":"https:\/\/www.conselharan.org\/?p=66913"},"modified":"2026-04-28T11:01:44","modified_gmt":"2026-04-28T09:01:44","slug":"el-govern-daran-impulsa-la-participacio-de-la-joventut-aranesa-en-els-afers-del-territori","status":"publish","type":"post","link":"https:\/\/www.conselharan.org\/ca\/el-govern-daran-impulsa-la-participacio-de-la-joventut-aranesa-en-els-afers-del-territori\/","title":{"rendered":"El Govern d\u2019Aran impulsa la participaci\u00f3 de la joventut aranesa en els afers del territori"},"content":{"rendered":"<p><strong><a href=\"https:\/\/www.conselharan.org\/ca\/el-govern-daran-impulsa-la-participacio-de-la-joventut-aranesa-en-els-afers-del-territori\/forum-joenessa-3\/\" rel=\"attachment wp-att-66908\"><img loading=\"lazy\" decoding=\"async\" class=\"aligncenter size-large wp-image-66908\" src=\"https:\/\/www.conselharan.org\/wp-content\/uploads\/2026\/04\/Forum-Joenessa-1024x768.jpeg\" alt=\"\" width=\"1024\" height=\"768\" srcset=\"https:\/\/www.conselharan.org\/wp-content\/uploads\/2026\/04\/Forum-Joenessa-1024x768.jpeg 1024w, https:\/\/www.conselharan.org\/wp-content\/uploads\/2026\/04\/Forum-Joenessa-300x225.jpeg 300w, https:\/\/www.conselharan.org\/wp-content\/uploads\/2026\/04\/Forum-Joenessa-768x576.jpeg 768w, https:\/\/www.conselharan.org\/wp-content\/uploads\/2026\/04\/Forum-Joenessa-1536x1152.jpeg 1536w, https:\/\/www.conselharan.org\/wp-content\/uploads\/2026\/04\/Forum-Joenessa.jpeg 1600w\" sizes=\"(max-width: 1024px) 100vw, 1024px\" \/><\/a><br \/>\n<\/strong><\/p>\n<ul>\n<li><strong>Per tal de fomentar la participaci\u00f3 juvenil, el Conselh Generau d\u2019Aran ha organitzat el 1r F\u00f2rum Joventut amb un acte celebrat al Centre de Joventut \u201cAntara\u201d de Vielha.<\/strong><\/li>\n<\/ul>\n<p>Dissabte passat, 25 d\u2019abril, es va celebrar el 1r F\u00f2rum Joventut de la Val d\u2019Aran. Un esdeveniment organitzat pel Conselh Generau d\u2019Aran que vol ser un espai estable de participaci\u00f3 juvenil a la Val d\u2019Aran i que neix dels tallers de participaci\u00f3 que s\u2019han fet a l\u2019Institut d\u2019Aran durant les darreres setmanes, aix\u00ed com de la recollida de dades de les enquestes adre\u00e7ades als joves del nostre territori que s\u2019han dut a terme tamb\u00e9 durant les darreres setmanes, per completar aquesta primera fase de participaci\u00f3 ciutadana al voltant de la joventut.<\/p>\n<p>El F\u00f2rum Joventut t\u00e9 com a objectiu ser un espai estructurat de recollida de la veu dels joves, on puguin expressar les seves necessitats, inquietuds i propostes, amb la voluntat que evolucioni cap a un model liderat per ells mateixos. D\u2019aquesta manera es facilita no nom\u00e9s que puguin fer arribar en primera persona les seves demandes al Govern d\u2019Aran, sin\u00f3 tamb\u00e9 que contribueixin activament en la definici\u00f3, orientaci\u00f3 i millora de les pol\u00edtiques de joventut a l\u2019Aran.<a href=\"https:\/\/www.conselharan.org\/ca\/el-govern-daran-impulsa-la-participacio-de-la-joventut-aranesa-en-els-afers-del-territori\/forum-joenessa-2-2\/\" rel=\"attachment wp-att-66905\"><img loading=\"lazy\" decoding=\"async\" class=\"aligncenter size-large wp-image-66905\" src=\"https:\/\/www.conselharan.org\/wp-content\/uploads\/2026\/04\/Forum-Joenessa-2-1024x769.jpeg\" alt=\"\" width=\"1024\" height=\"769\" srcset=\"https:\/\/www.conselharan.org\/wp-content\/uploads\/2026\/04\/Forum-Joenessa-2-1024x769.jpeg 1024w, https:\/\/www.conselharan.org\/wp-content\/uploads\/2026\/04\/Forum-Joenessa-2-300x225.jpeg 300w, https:\/\/www.conselharan.org\/wp-content\/uploads\/2026\/04\/Forum-Joenessa-2-768x577.jpeg 768w, https:\/\/www.conselharan.org\/wp-content\/uploads\/2026\/04\/Forum-Joenessa-2-1536x1154.jpeg 1536w, https:\/\/www.conselharan.org\/wp-content\/uploads\/2026\/04\/Forum-Joenessa-2.jpeg 1600w\" sizes=\"(max-width: 1024px) 100vw, 1024px\" \/><\/a><\/p>\n<p>La consellera de Joventut, Igualtat i Inclusi\u00f3 Social del Govern d\u2019Aran, Maria Menis, va assistir a l\u2019acte celebrat dissabte per encoratjar els joves a fer seu aquest F\u00f2rum Joventut, ja que s\u00f3n el futur del territori. Maria Menis, que va fer la presentaci\u00f3 de l\u2019acte i, posteriorment, es van realitzar treballs de grup i din\u00e0miques amb els joves a c\u00e0rrec de l\u2019equip t\u00e8cnic de l\u2019\u00c0rea d\u2019atenci\u00f3 a les persones del Conselh Generau d\u2019Aran.<\/p>\n<p>\u201cAquest F\u00f2rum Joventut vol donar veu als joves, perqu\u00e8 sovint poden sentir que les seves necessitats no s\u00f3n escoltades. \u00c9s una eina que permet que puguin parlar, expressar-se i dir tot all\u00f2 que els preocupa, que els motiva i que necessiten. Per aix\u00f2 creiem que ser\u00e0 molt positiu per a ells i que ajudar\u00e0 a establir noves formes de comunicaci\u00f3 entre la joventut i les administracions\u201d, ha explicat la conselh\u00e8ra.<\/p>\n<p><em>Vielha, 28 d\u2019abril de 2026<\/em><\/p>\n ","protected":false},"excerpt":{"rendered":"<p>Per tal de fomentar la participaci\u00f3 juvenil, el Conselh Generau d\u2019Aran ha organitzat el 1r F\u00f2rum Joventut amb un acte celebrat al Centre de Joventut \u201cAntara\u201d de Vielha. Dissabte passat, 25 d\u2019abril, es va celebrar el 1r F\u00f2rum Joventut de la Val d\u2019Aran. Un esdeveniment organitzat pel Conselh Generau d\u2019Aran que vol ser un espai&#8230;<\/p>\n","protected":false},"author":2,"featured_media":66908,"comment_status":"closed","ping_status":"closed","sticky":false,"template":"","format":"standard","meta":{"footnotes":""},"categories":[31,53,33,797,36],"tags":[],"_links":{"self":[{"href":"https:\/\/www.conselharan.org\/ca\/wp-json\/wp\/v2\/posts\/66913"}],"collection":[{"href":"https:\/\/www.conselharan.org\/ca\/wp-json\/wp\/v2\/posts"}],"about":[{"href":"https:\/\/www.conselharan.org\/ca\/wp-json\/wp\/v2\/types\/post"}],"author":[{"embeddable":true,"href":"https:\/\/www.conselharan.org\/ca\/wp-json\/wp\/v2\/users\/2"}],"replies":[{"embeddable":true,"href":"https:\/\/www.conselharan.org\/ca\/wp-json\/wp\/v2\/comments?post=66913"}],"version-history":[{"count":2,"href":"https:\/\/www.conselharan.org\/ca\/wp-json\/wp\/v2\/posts\/66913\/revisions"}],"predecessor-version":[{"id":66915,"href":"https:\/\/www.conselharan.org\/ca\/wp-json\/wp\/v2\/posts\/66913\/revisions\/66915"}],"wp:featuredmedia":[{"embeddable":true,"href":"https:\/\/www.conselharan.org\/ca\/wp-json\/wp\/v2\/media\/66908"}],"wp:attachment":[{"href":"https:\/\/www.conselharan.org\/ca\/wp-json\/wp\/v2\/media?parent=66913"}],"wp:term":[{"taxonomy":"category","embeddable":true,"href":"https:\/\/www.conselharan.org\/ca\/wp-json\/wp\/v2\/categories?post=66913"},{"taxonomy":"post_tag","embeddable":true,"href":"https:\/\/www.conselharan.org\/ca\/wp-json\/wp\/v2\/tags?post=66913"}],"curies":[{"name":"wp","href":"https:\/\/api.w.org\/{rel}","templated":true}]}}