{"id":66939,"date":"2026-04-29T12:12:52","date_gmt":"2026-04-29T10:12:52","guid":{"rendered":"https:\/\/www.conselharan.org\/?p=66939"},"modified":"2026-04-29T12:12:53","modified_gmt":"2026-04-29T10:12:53","slug":"el-turisme-a-la-val-daran-creix-un-1332-respecte-al-2025-en-nombre-de-pernoctacions-durant-la-temporada-dhivern","status":"publish","type":"post","link":"https:\/\/www.conselharan.org\/ca\/el-turisme-a-la-val-daran-creix-un-1332-respecte-al-2025-en-nombre-de-pernoctacions-durant-la-temporada-dhivern\/","title":{"rendered":"El turisme a la Val d\u2019Aran creix un 13,32 % respecte al 2025 en nombre de pernoctacions durant la temporada d\u2019hivern"},"content":{"rendered":"<p><strong><a href=\"https:\/\/www.conselharan.org\/ca\/el-turisme-a-la-val-daran-creix-un-1332-respecte-al-2025-en-nombre-de-pernoctacions-durant-la-temporada-dhivern\/imatge-torisme-vielha-2\/\" rel=\"attachment wp-att-66934\"><img loading=\"lazy\" decoding=\"async\" class=\"aligncenter size-full wp-image-66934\" src=\"https:\/\/www.conselharan.org\/wp-content\/uploads\/2026\/04\/Imatge-Torisme-Vielha.jpg\" alt=\"\" width=\"750\" height=\"1000\" srcset=\"https:\/\/www.conselharan.org\/wp-content\/uploads\/2026\/04\/Imatge-Torisme-Vielha.jpg 750w, https:\/\/www.conselharan.org\/wp-content\/uploads\/2026\/04\/Imatge-Torisme-Vielha-225x300.jpg 225w\" sizes=\"(max-width: 750px) 100vw, 750px\" \/><\/a><br \/>\n<\/strong><\/p>\n<ul>\n<li><strong>Aquestes xifres reflecteixen l\u2019augment del mercat internacional, que lidera el creixement i consolida la seva pres\u00e8ncia.<\/strong><\/li>\n<\/ul>\n<p>La temporada d\u2019hivern, entre l\u20191 de desembre i el 6 d\u2019abril, s\u2019ha tancat amb un balan\u00e7 molt positiu per al sector tur\u00edstic, registrant un increment significatiu de les pernoctacions respecte a l\u2019any anterior.<\/p>\n<p>En concret, el total d\u2019estades ha assolit les 826.018, en comparaci\u00f3 amb les 728.942 de la temporada 2024-2025 (12\/12\/2024 \u2013 21\/04\/2025), fet que representa un augment del 13,32 %.<\/p>\n<p>El mercat nacional continua sent el principal motor en volum, amb 520.427 pernoctacions, lleugerament per sobre de les 504.713 de l\u2019any passat, amb una evoluci\u00f3 positiva del 3,11 %.<\/p>\n<p>En canvi, el mercat internacional \u00e9s el gran protagonista de la temporada, amb un augment molt important del 36,29 %, despr\u00e9s de passar de 224.229 a 305.591 pernoctacions.<\/p>\n<p>Entre els mercats internacionals prioritaris, Fran\u00e7a encap\u00e7ala la llista amb 191.511 pernoctacions, seguida del Regne Unit (23.000) i Portugal (20.166), tots ells amb increments significatius.<\/p>\n<p>Tamb\u00e9 cal destacar el fort creixement de mercats emergents, com els Estats Units, \u00c0ustria i la Xina, que dupliquen els seus registres respecte a la temporada anterior.<\/p>\n<p>Pel que fa al mercat nacional, Madrid i Barcelona es mantenen com els principals emissors, amb 111.813 i 104.796 pernoctacions respectivament, seguits de Lleida, que tamb\u00e9 experimenta una evoluci\u00f3 positiva.<\/p>\n<p>Altres mercats, com Val\u00e8ncia, Biscaia i Guip\u00fascoa, han registrat una lleugera davallada que no ha afectat el balan\u00e7 global positiu.<\/p>\n<p>L\u2019estada mitjana s\u2019ha situat en 2,85 nits, fet que consolida un model d\u2019estades relativament curtes per\u00f2 m\u00e9s intensives.<\/p>\n<p>El nombre total d\u2019excursionistes ha estat de 306.170 persones durant aquesta temporada.<\/p>\n<p>En termes econ\u00f2mics, la despesa mitjana per pernoctaci\u00f3 s\u2019estima en 200 \u20ac, cosa que es tradueix en un impacte econ\u00f2mic global al territori, durant la temporada d\u2019hivern, de 161 milions d\u2019euros. Aix\u00f2 suposa una despesa de m\u00e9s d\u20191,27 milions d\u2019euros al dia al llarg dels 126 dies de la temporada d\u2019hivern.<\/p>\n<p>Pel que fa a l\u2019ocupaci\u00f3 hotelera, les dades mostren una evoluci\u00f3 irregular per\u00f2 globalment positiva en bona part dels mesos. Gener i febrer han registrat els nivells m\u00e9s alts d\u2019ocupaci\u00f3, amb percentatges per sobre del 69 % i 78 % respectivament. Mar\u00e7 tamb\u00e9 ha millorat els seus resultats, passant del 51,74 % el 2025 al 55,83 % el 2026.<\/p>\n<p>En canvi, el mes de desembre ha mostrat una lleugera baixada de l\u2019ocupaci\u00f3 en comparaci\u00f3 amb l\u2019any anterior.<\/p>\n<p>Aquest conjunt de dades confirma la tend\u00e8ncia de creixement del mercat internacional.<\/p>\n<p>Per a Josep Canut, conseller de Turisme i Promoci\u00f3 Econ\u00f2mica del Conselh Generau: \u201cLa diversificaci\u00f3 dels mercats emissors i el creixement de la despesa consoliden el turisme com un dels pilars econ\u00f2mics del territori\u201d, i afegeix que \u201cels resultats obtinguts reforcen l\u2019atractiu de la Val d\u2019Aran com a destinaci\u00f3 tur\u00edstica\u201d.<\/p>\n<p><em>Vielha, 29 d\u2019abril de 2026<\/em><\/p>\n ","protected":false},"excerpt":{"rendered":"<p>Aquestes xifres reflecteixen l\u2019augment del mercat internacional, que lidera el creixement i consolida la seva pres\u00e8ncia. La temporada d\u2019hivern, entre l\u20191 de desembre i el 6 d\u2019abril, s\u2019ha tancat amb un balan\u00e7 molt positiu per al sector tur\u00edstic, registrant un increment significatiu de les pernoctacions respecte a l\u2019any anterior. En concret, el total d\u2019estades ha&#8230;<\/p>\n","protected":false},"author":2,"featured_media":66934,"comment_status":"closed","ping_status":"closed","sticky":false,"template":"","format":"standard","meta":{"footnotes":""},"categories":[31,53,36,139],"tags":[],"_links":{"self":[{"href":"https:\/\/www.conselharan.org\/ca\/wp-json\/wp\/v2\/posts\/66939"}],"collection":[{"href":"https:\/\/www.conselharan.org\/ca\/wp-json\/wp\/v2\/posts"}],"about":[{"href":"https:\/\/www.conselharan.org\/ca\/wp-json\/wp\/v2\/types\/post"}],"author":[{"embeddable":true,"href":"https:\/\/www.conselharan.org\/ca\/wp-json\/wp\/v2\/users\/2"}],"replies":[{"embeddable":true,"href":"https:\/\/www.conselharan.org\/ca\/wp-json\/wp\/v2\/comments?post=66939"}],"version-history":[{"count":3,"href":"https:\/\/www.conselharan.org\/ca\/wp-json\/wp\/v2\/posts\/66939\/revisions"}],"predecessor-version":[{"id":66942,"href":"https:\/\/www.conselharan.org\/ca\/wp-json\/wp\/v2\/posts\/66939\/revisions\/66942"}],"wp:featuredmedia":[{"embeddable":true,"href":"https:\/\/www.conselharan.org\/ca\/wp-json\/wp\/v2\/media\/66934"}],"wp:attachment":[{"href":"https:\/\/www.conselharan.org\/ca\/wp-json\/wp\/v2\/media?parent=66939"}],"wp:term":[{"taxonomy":"category","embeddable":true,"href":"https:\/\/www.conselharan.org\/ca\/wp-json\/wp\/v2\/categories?post=66939"},{"taxonomy":"post_tag","embeddable":true,"href":"https:\/\/www.conselharan.org\/ca\/wp-json\/wp\/v2\/tags?post=66939"}],"curies":[{"name":"wp","href":"https:\/\/api.w.org\/{rel}","templated":true}]}}