{"id":6695,"date":"2015-03-14T13:01:19","date_gmt":"2015-03-14T12:01:19","guid":{"rendered":"http:\/\/www.conselharan.org\/?p=6695"},"modified":"2015-03-14T13:01:19","modified_gmt":"2015-03-14T12:01:19","slug":"comencen-les-obres-de-la-reforma-de-lhospital-val-daran-valorades-en-247-000e","status":"publish","type":"post","link":"https:\/\/www.conselharan.org\/ca\/comencen-les-obres-de-la-reforma-de-lhospital-val-daran-valorades-en-247-000e\/","title":{"rendered":"Comencen les obres de la reforma de l\u2019Hospital Val d\u2019Aran valorades en 247.000\u20ac"},"content":{"rendered":"<p><a href=\"http:\/\/www.conselharan.org\/wp-content\/uploads\/2015\/03\/obras1.jpg\"><img loading=\"lazy\" decoding=\"async\" class=\"aligncenter size-large wp-image-6690\" alt=\"obras1\" src=\"http:\/\/www.conselharan.org\/wp-content\/uploads\/2015\/03\/obras1-1024x685.jpg\" width=\"1024\" height=\"685\" srcset=\"https:\/\/www.conselharan.org\/wp-content\/uploads\/2015\/03\/obras1-1024x685.jpg 1024w, https:\/\/www.conselharan.org\/wp-content\/uploads\/2015\/03\/obras1-300x200.jpg 300w, https:\/\/www.conselharan.org\/wp-content\/uploads\/2015\/03\/obras1.jpg 1200w\" sizes=\"(max-width: 1024px) 100vw, 1024px\" \/><\/a><\/p>\n<p>Aquesta setmana han comen\u00e7at les obres de la primera fase de la reforma de l&#8217;Hospital Val d\u2019Aran que s\u2019estructura en dos parts:<\/p>\n<p><strong>-Ampliaci\u00f3 de la planta subterr\u00e0nia<\/strong><br \/>\nEn la planta subterr\u00e0nia s\u2019amplia la zona de mercaderies fins a arribar en el mur que limita el solar, que s&#8217;enderrocar\u00e0 en el tot aconseguir una fa\u00e7ana de 14 metres oberts al vessant del riu Garona i connectada a un nou vial que permetr\u00e0 l&#8217;acc\u00e9s subministraments i l&#8217;evacuaci\u00f3 de residus.<br \/>\nL&#8217;\u00e0rea ampliada \u00e9s una zona lliure amb una gran obertura a la fa\u00e7ana destinada als vehicles de subministraments i serveis.<br \/>\n<strong><br \/>\n&#8211; Nou vial<\/strong><br \/>\nEl nou vial discorrer\u00e0 entre el mur que limita el solar de l&#8217;Hospital i la llera del riu Garona i connectar\u00e0 amb l&#8217;ampliaci\u00f3 de la planta del soterrani, permetent aix\u00ed l&#8217;acc\u00e9s dels vehicles de servei, i recuperar els circuits originals de l&#8217;Hospital.<br \/>\nL&#8217;actuaci\u00f3 d\u2019aquesta primera fase est\u00e0 valorada en 247.000 euros, amb un termini d\u2019obres previst de 3 mesos.<br \/>\nEn paraules del conselh\u00e8r de Salut i Benestar d\u2019Aran, Eduardo Valdecantos, \u201caquestes obres s\u00f3n necess\u00e0ries per optimitzar l&#8217;espai d\u2019aquestes instal\u00b7lacions\u201d, i ha assegurat que \u201c\u00e9s una prioritat pel Gov\u00e8rn d\u2019Aran millorar les condicions de les instal\u00b7lacions de l&#8217;Hospital per poder oferir un bon servei\u201d.<\/p>\n<p><a href=\"http:\/\/www.conselharan.org\/wp-content\/uploads\/2015\/03\/obras2.jpg\"><img loading=\"lazy\" decoding=\"async\" class=\"aligncenter size-large wp-image-6691\" alt=\"obras2\" src=\"http:\/\/www.conselharan.org\/wp-content\/uploads\/2015\/03\/obras2-1024x685.jpg\" width=\"1024\" height=\"685\" srcset=\"https:\/\/www.conselharan.org\/wp-content\/uploads\/2015\/03\/obras2-1024x685.jpg 1024w, https:\/\/www.conselharan.org\/wp-content\/uploads\/2015\/03\/obras2-300x200.jpg 300w, https:\/\/www.conselharan.org\/wp-content\/uploads\/2015\/03\/obras2.jpg 1200w\" sizes=\"(max-width: 1024px) 100vw, 1024px\" \/><\/a><\/p>\n ","protected":false},"excerpt":{"rendered":"<p>Aquesta setmana han comen\u00e7at les obres de la primera fase de la reforma de l&#8217;Hospital Val d\u2019Aran que s\u2019estructura en dos parts: -Ampliaci\u00f3 de la planta subterr\u00e0nia En la planta subterr\u00e0nia s\u2019amplia la zona de mercaderies fins a arribar en el mur que limita el solar, que s&#8217;enderrocar\u00e0 en el tot aconseguir una fa\u00e7ana de&#8230;<\/p>\n","protected":false},"author":1,"featured_media":0,"comment_status":"closed","ping_status":"closed","sticky":false,"template":"","format":"standard","meta":{"footnotes":""},"categories":[31,53,33,36],"tags":[],"_links":{"self":[{"href":"https:\/\/www.conselharan.org\/ca\/wp-json\/wp\/v2\/posts\/6695"}],"collection":[{"href":"https:\/\/www.conselharan.org\/ca\/wp-json\/wp\/v2\/posts"}],"about":[{"href":"https:\/\/www.conselharan.org\/ca\/wp-json\/wp\/v2\/types\/post"}],"author":[{"embeddable":true,"href":"https:\/\/www.conselharan.org\/ca\/wp-json\/wp\/v2\/users\/1"}],"replies":[{"embeddable":true,"href":"https:\/\/www.conselharan.org\/ca\/wp-json\/wp\/v2\/comments?post=6695"}],"version-history":[{"count":1,"href":"https:\/\/www.conselharan.org\/ca\/wp-json\/wp\/v2\/posts\/6695\/revisions"}],"predecessor-version":[{"id":6696,"href":"https:\/\/www.conselharan.org\/ca\/wp-json\/wp\/v2\/posts\/6695\/revisions\/6696"}],"wp:attachment":[{"href":"https:\/\/www.conselharan.org\/ca\/wp-json\/wp\/v2\/media?parent=6695"}],"wp:term":[{"taxonomy":"category","embeddable":true,"href":"https:\/\/www.conselharan.org\/ca\/wp-json\/wp\/v2\/categories?post=6695"},{"taxonomy":"post_tag","embeddable":true,"href":"https:\/\/www.conselharan.org\/ca\/wp-json\/wp\/v2\/tags?post=6695"}],"curies":[{"name":"wp","href":"https:\/\/api.w.org\/{rel}","templated":true}]}}