{"id":66968,"date":"2026-04-30T11:49:22","date_gmt":"2026-04-30T09:49:22","guid":{"rendered":"https:\/\/www.conselharan.org\/?p=66968"},"modified":"2026-04-30T11:49:23","modified_gmt":"2026-04-30T09:49:23","slug":"66968","status":"publish","type":"post","link":"https:\/\/www.conselharan.org\/ca\/66968\/","title":{"rendered":""},"content":{"rendered":"<ul>\n<li>\n<h3><strong><a href=\"https:\/\/www.conselharan.org\/ca\/66968\/campanha-oci-nocturn-2\/\" rel=\"attachment wp-att-66964\"><img loading=\"lazy\" decoding=\"async\" class=\"aligncenter size-full wp-image-66964\" src=\"https:\/\/www.conselharan.org\/wp-content\/uploads\/2026\/04\/Campanha-Oci-Nocturn.jpg\" alt=\"\" width=\"642\" height=\"888\" srcset=\"https:\/\/www.conselharan.org\/wp-content\/uploads\/2026\/04\/Campanha-Oci-Nocturn.jpg 642w, https:\/\/www.conselharan.org\/wp-content\/uploads\/2026\/04\/Campanha-Oci-Nocturn-217x300.jpg 217w\" sizes=\"(max-width: 642px) 100vw, 642px\" \/><\/a>La campanya inclou missatges adre\u00e7ats, principalment, als possibles agressors, i compta amb material b\u00e0sic exclusiu del Conselh (banderes, panells, adhesius i samarretes), aix\u00ed com amb el suport dels diferents municipis, que exhibiran panells i banderes.<\/strong><\/h3>\n<\/li>\n<li>\n<h3><strong>El primer poble a posar en marxa la campanya \u00e9s Salard\u00fa, amb la celebraci\u00f3 de la Festa Major de la Santa Creu entre el 30 d\u2019abril i el 3 de maig.<\/strong><\/h3>\n<\/li>\n<li>\n<h3><strong>La campanya es donar\u00e0 a con\u00e8ixer a les festes majors d\u2019estiu de tota la Val d\u2019Aran.<\/strong><\/h3>\n<\/li>\n<\/ul>\n<p>Aquesta setmana, el Conselh Generau d\u2019Aran ha estrenat la campanya \u201cAqu\u00ed ens coneixem, aqu\u00ed ens cuidem\u201d, amb la qual vol conscienciar la ciutadania sobre el rebuig a qualsevol tipus de viol\u00e8ncia en els espais d\u2019oci nocturn. La campanya inclou missatges de no-toler\u00e0ncia davant d\u2019aquest tipus de comportaments i s\u2019adre\u00e7a principalment als possibles agressors, amb l\u2019objectiu de generar consci\u00e8ncia i responsabilitat.<\/p>\n<p>Aquesta macrocampanya consta de dos nivells:<\/p>\n<ul>\n<li>Un nivell b\u00e0sic, liderat pel Conselh Generau d\u2019Aran, que promou la campanya amb material general (banderes, panells, samarretes i adhesius).<\/li>\n<li>Un nivell complementari, que s\u2019assignar\u00e0 als ajuntaments adherits a la campanya perqu\u00e8 la despleguin segons les seves necessitats a l\u2019estiu (cada ajuntament decidir\u00e0 com i on mostrar el material).<\/li>\n<\/ul>\n<p>La campanya vol trencar amb el mite que els assetjaments formen part de l\u2019acci\u00f3 de lligar. Per aix\u00f2 es potencien frases com \u201cNo \u00e9s normal tocar sense perm\u00eds\u201d o \u201cSi dubtes, \u00e9s no\u201d.<a href=\"https:\/\/www.conselharan.org\/ca\/66968\/campanha-oci-nocturn-1-2\/\" rel=\"attachment wp-att-66961\"><img loading=\"lazy\" decoding=\"async\" class=\"aligncenter size-full wp-image-66961\" src=\"https:\/\/www.conselharan.org\/wp-content\/uploads\/2026\/04\/Campanha-Oci-Nocturn-1.jpg\" alt=\"\" width=\"693\" height=\"972\" srcset=\"https:\/\/www.conselharan.org\/wp-content\/uploads\/2026\/04\/Campanha-Oci-Nocturn-1.jpg 693w, https:\/\/www.conselharan.org\/wp-content\/uploads\/2026\/04\/Campanha-Oci-Nocturn-1-214x300.jpg 214w\" sizes=\"(max-width: 693px) 100vw, 693px\" \/><\/a><\/p>\n<p>Coincidint amb l\u2019inici de la campanya, Salard\u00fa \u00e9s el primer poble que desplegar\u00e0 aquesta nova acci\u00f3, amb la celebraci\u00f3 de la Festa Major de la Santa Creu, del 30 d\u2019abril fins al 3 de maig.<\/p>\n<p>Al llarg de l\u2019estiu, aquesta campanya es donar\u00e0 a con\u00e8ixer a les festes majors de la Val d\u2019Aran.<\/p>\n<p>Cal remarcar que altres mesures, com la instal\u00b7laci\u00f3 de Punts Lila a les festes, han ajudat al llarg dels anys que porten en funcionament a reduir les dades d\u2019agressions, moltes vegades com a conseq\u00fc\u00e8ncia de l\u2019elevada pres\u00e8ncia d\u2019alcohol.<\/p>\n<p>\u201cAl Conselh Generau d\u2019Aran creiem que aquesta campanya de sensibilitzaci\u00f3 i conscienciaci\u00f3 sobre la no-viol\u00e8ncia en els espais d\u2019oci nocturn \u00e9s una eina que ajudar\u00e0 tots els sectors de la poblaci\u00f3 a no tolerar cap tipus d\u2019agressi\u00f3 en qualsevol festa\u201d, ha comentat la consellera de Joventut, Igualtat i Inclusi\u00f3 Social del Govern d\u2019Aran, Maria Menis. I ha afegit: \u201cvolem que tant les dones com els homes gaudeixin de la festa en igualtat i llibertat. Som un territori petit, on ens coneixem en gran mesura, de manera que \u00e9s m\u00e9s f\u00e0cil poder identificar bona part dels agressors. En aquest sentit, \u00e9s fonamental la col\u00b7laboraci\u00f3 de tothom per fer dels espais d\u2019oci nocturn espais segurs\u201d.<\/p>\n<p><em>Vielha, 30 d\u2019abril de 2026<\/em><\/p>\n ","protected":false},"excerpt":{"rendered":"<p>La campanya inclou missatges adre\u00e7ats, principalment, als possibles agressors, i compta amb material b\u00e0sic exclusiu del Conselh (banderes, panells, adhesius i samarretes), aix\u00ed com amb el suport dels diferents municipis, que exhibiran panells i banderes. El primer poble a posar en marxa la campanya \u00e9s Salard\u00fa, amb la celebraci\u00f3 de la Festa Major de la&#8230;<\/p>\n","protected":false},"author":2,"featured_media":66964,"comment_status":"closed","ping_status":"closed","sticky":false,"template":"","format":"standard","meta":{"footnotes":""},"categories":[31,53,33,797,36],"tags":[],"_links":{"self":[{"href":"https:\/\/www.conselharan.org\/ca\/wp-json\/wp\/v2\/posts\/66968"}],"collection":[{"href":"https:\/\/www.conselharan.org\/ca\/wp-json\/wp\/v2\/posts"}],"about":[{"href":"https:\/\/www.conselharan.org\/ca\/wp-json\/wp\/v2\/types\/post"}],"author":[{"embeddable":true,"href":"https:\/\/www.conselharan.org\/ca\/wp-json\/wp\/v2\/users\/2"}],"replies":[{"embeddable":true,"href":"https:\/\/www.conselharan.org\/ca\/wp-json\/wp\/v2\/comments?post=66968"}],"version-history":[{"count":2,"href":"https:\/\/www.conselharan.org\/ca\/wp-json\/wp\/v2\/posts\/66968\/revisions"}],"predecessor-version":[{"id":66970,"href":"https:\/\/www.conselharan.org\/ca\/wp-json\/wp\/v2\/posts\/66968\/revisions\/66970"}],"wp:featuredmedia":[{"embeddable":true,"href":"https:\/\/www.conselharan.org\/ca\/wp-json\/wp\/v2\/media\/66964"}],"wp:attachment":[{"href":"https:\/\/www.conselharan.org\/ca\/wp-json\/wp\/v2\/media?parent=66968"}],"wp:term":[{"taxonomy":"category","embeddable":true,"href":"https:\/\/www.conselharan.org\/ca\/wp-json\/wp\/v2\/categories?post=66968"},{"taxonomy":"post_tag","embeddable":true,"href":"https:\/\/www.conselharan.org\/ca\/wp-json\/wp\/v2\/tags?post=66968"}],"curies":[{"name":"wp","href":"https:\/\/api.w.org\/{rel}","templated":true}]}}