{"id":68553,"date":"2026-08-31T18:54:06","date_gmt":"2026-08-31T16:54:06","guid":{"rendered":"https:\/\/www.conselharan.org\/?p=68553"},"modified":"2026-08-31T18:54:07","modified_gmt":"2026-08-31T16:54:07","slug":"era-29au-corsa-e-caminada-des-15-pobles-torne-a-meter-en-valor-es-camins-tradicionaus-dera-val-daran","status":"publish","type":"post","link":"https:\/\/www.conselharan.org\/ca\/era-29au-corsa-e-caminada-des-15-pobles-torne-a-meter-en-valor-es-camins-tradicionaus-dera-val-daran\/","title":{"rendered":"Era 29au Corsa e caminada des 15 p\u00f2bles torne a m\u00e9ter en valor es camins tradicionaus dera Val d\u2019Aran"},"content":{"rendered":"<ul>\n<li>\n<h3><a href=\"https:\/\/www.conselharan.org\/era-29au-corsa-e-caminada-des-15-pobles-torne-a-meter-en-valor-es-camins-tradicionaus-dera-val-daran\/whatsapp-image-2026-08-29-at-13-45-08-4\/\" rel=\"attachment wp-att-68554\"><img loading=\"lazy\" decoding=\"async\" class=\"aligncenter size-large wp-image-68554\" src=\"https:\/\/www.conselharan.org\/wp-content\/uploads\/2026\/08\/WhatsApp-Image-2026-08-29-at-13.45.08-4-1024x768.jpeg\" alt=\"\" width=\"1024\" height=\"768\" srcset=\"https:\/\/www.conselharan.org\/wp-content\/uploads\/2026\/08\/WhatsApp-Image-2026-08-29-at-13.45.08-4-1024x768.jpeg 1024w, https:\/\/www.conselharan.org\/wp-content\/uploads\/2026\/08\/WhatsApp-Image-2026-08-29-at-13.45.08-4-300x225.jpeg 300w, https:\/\/www.conselharan.org\/wp-content\/uploads\/2026\/08\/WhatsApp-Image-2026-08-29-at-13.45.08-4-768x576.jpeg 768w, https:\/\/www.conselharan.org\/wp-content\/uploads\/2026\/08\/WhatsApp-Image-2026-08-29-at-13.45.08-4-1536x1152.jpeg 1536w, https:\/\/www.conselharan.org\/wp-content\/uploads\/2026\/08\/WhatsApp-Image-2026-08-29-at-13.45.08-4-2048x1536.jpeg 2048w\" sizes=\"(max-width: 1024px) 100vw, 1024px\" \/><\/a>Eth nombre d\u2019inscrits ena edicion d\u2019enguan artenh es 466 corredors, des quaus 196 an estat hemnes e 270 \u00f2mes.<\/h3>\n<\/li>\n<\/ul>\n<p>Era Val d\u2019Aran acuelhec dissabte, 29 d&#8217;agost, era 29au edicion dera Corsa e caminada des 15 p\u00f2bles, ua des pr\u00f2ves esportives m\u00e8s arra\u00eftzades en territ\u00f2ri, que combine era practica esportiva damb eth coneishement e era descub\u00e8rta deth patrim\u00f2ni e des camins tradicionaus dera Val.<a href=\"https:\/\/www.conselharan.org\/era-29au-corsa-e-caminada-des-15-pobles-torne-a-meter-en-valor-es-camins-tradicionaus-dera-val-daran\/whatsapp-image-2026-08-29-at-13-45-09\/\" rel=\"attachment wp-att-68560\"><img loading=\"lazy\" decoding=\"async\" class=\"aligncenter size-large wp-image-68560\" src=\"https:\/\/www.conselharan.org\/wp-content\/uploads\/2026\/08\/WhatsApp-Image-2026-08-29-at-13.45.09-1024x768.jpeg\" alt=\"\" width=\"1024\" height=\"768\" srcset=\"https:\/\/www.conselharan.org\/wp-content\/uploads\/2026\/08\/WhatsApp-Image-2026-08-29-at-13.45.09-1024x768.jpeg 1024w, https:\/\/www.conselharan.org\/wp-content\/uploads\/2026\/08\/WhatsApp-Image-2026-08-29-at-13.45.09-300x225.jpeg 300w, https:\/\/www.conselharan.org\/wp-content\/uploads\/2026\/08\/WhatsApp-Image-2026-08-29-at-13.45.09-768x576.jpeg 768w, https:\/\/www.conselharan.org\/wp-content\/uploads\/2026\/08\/WhatsApp-Image-2026-08-29-at-13.45.09-1536x1152.jpeg 1536w, https:\/\/www.conselharan.org\/wp-content\/uploads\/2026\/08\/WhatsApp-Image-2026-08-29-at-13.45.09-2048x1536.jpeg 2048w\" sizes=\"(max-width: 1024px) 100vw, 1024px\" \/><\/a><\/p>\n<p>Era corsa m\u00e8s longa auie un recorrut de 21,5 quilom\u00e8tres e 1.132 m\u00e8tres de desniv\u00e8u positiu, m\u00e8s eth programa tanben includie diferentes prepauses adaptades a d\u2019auti perfils de participants: era caminada de 15 quilom\u00e8tres, eth Trof\u00e8u Arturo Riba, d\u201911 quilom\u00e8tres, e era Corsa e caminada Trof\u00e8u Roland Gin\u00e9, de 5 quilom\u00e8tres.<\/p>\n<p>Eth nombre d\u2019inscrits ena edicion d\u2019enguan artenh es 466 corredors, des quaus 196 an estat hemnes e 270 \u00f2mes.<a href=\"https:\/\/www.conselharan.org\/era-29au-corsa-e-caminada-des-15-pobles-torne-a-meter-en-valor-es-camins-tradicionaus-dera-val-daran\/whatsapp-image-2026-08-29-at-13-45-08-3\/\" rel=\"attachment wp-att-68563\"><img loading=\"lazy\" decoding=\"async\" class=\"aligncenter size-large wp-image-68563\" src=\"https:\/\/www.conselharan.org\/wp-content\/uploads\/2026\/08\/WhatsApp-Image-2026-08-29-at-13.45.08-3-1024x768.jpeg\" alt=\"\" width=\"1024\" height=\"768\" srcset=\"https:\/\/www.conselharan.org\/wp-content\/uploads\/2026\/08\/WhatsApp-Image-2026-08-29-at-13.45.08-3-1024x768.jpeg 1024w, https:\/\/www.conselharan.org\/wp-content\/uploads\/2026\/08\/WhatsApp-Image-2026-08-29-at-13.45.08-3-300x225.jpeg 300w, https:\/\/www.conselharan.org\/wp-content\/uploads\/2026\/08\/WhatsApp-Image-2026-08-29-at-13.45.08-3-768x576.jpeg 768w, https:\/\/www.conselharan.org\/wp-content\/uploads\/2026\/08\/WhatsApp-Image-2026-08-29-at-13.45.08-3-1536x1152.jpeg 1536w, https:\/\/www.conselharan.org\/wp-content\/uploads\/2026\/08\/WhatsApp-Image-2026-08-29-at-13.45.08-3-2048x1536.jpeg 2048w\" sizes=\"(max-width: 1024px) 100vw, 1024px\" \/><\/a><\/p>\n<p>Damb gessuda en Es B\u00f2rdes e damb tra\u00e7ats que trau\u00e8ssen diu\u00e8rsi p\u00f2bles e espacis dera val, era pr\u00f2va s\u2019a consolidat com ua des cites importantes deth calendari esportiu aran\u00e9s e com ua activitat que permet descorbir eth territ\u00f2ri des d\u2019ua perspectiva diferenta.<a href=\"https:\/\/www.conselharan.org\/era-29au-corsa-e-caminada-des-15-pobles-torne-a-meter-en-valor-es-camins-tradicionaus-dera-val-daran\/whatsapp-image-2026-08-29-at-13-45-08-2\/\" rel=\"attachment wp-att-68566\"><img loading=\"lazy\" decoding=\"async\" class=\"aligncenter size-large wp-image-68566\" src=\"https:\/\/www.conselharan.org\/wp-content\/uploads\/2026\/08\/WhatsApp-Image-2026-08-29-at-13.45.08-2-1024x768.jpeg\" alt=\"\" width=\"1024\" height=\"768\" srcset=\"https:\/\/www.conselharan.org\/wp-content\/uploads\/2026\/08\/WhatsApp-Image-2026-08-29-at-13.45.08-2-1024x768.jpeg 1024w, https:\/\/www.conselharan.org\/wp-content\/uploads\/2026\/08\/WhatsApp-Image-2026-08-29-at-13.45.08-2-300x225.jpeg 300w, https:\/\/www.conselharan.org\/wp-content\/uploads\/2026\/08\/WhatsApp-Image-2026-08-29-at-13.45.08-2-768x576.jpeg 768w, https:\/\/www.conselharan.org\/wp-content\/uploads\/2026\/08\/WhatsApp-Image-2026-08-29-at-13.45.08-2-1536x1152.jpeg 1536w, https:\/\/www.conselharan.org\/wp-content\/uploads\/2026\/08\/WhatsApp-Image-2026-08-29-at-13.45.08-2-2048x1536.jpeg 2048w\" sizes=\"(max-width: 1024px) 100vw, 1024px\" \/><\/a><\/p>\n<p>Era 29au edicion a tornat a reivindicar eth valor des camins tradicionaus dera Val d\u2019Aran coma espacis de practica esportiva, de connexion entre es p\u00f2bles e de descub\u00e8rta deth patrim\u00f2ni naturau e culturau aran\u00e9s.<a href=\"https:\/\/www.conselharan.org\/era-29au-corsa-e-caminada-des-15-pobles-torne-a-meter-en-valor-es-camins-tradicionaus-dera-val-daran\/whatsapp-image-2026-08-29-at-13-45-09-1\/\" rel=\"attachment wp-att-68557\"><img loading=\"lazy\" decoding=\"async\" class=\"aligncenter size-large wp-image-68557\" src=\"https:\/\/www.conselharan.org\/wp-content\/uploads\/2026\/08\/WhatsApp-Image-2026-08-29-at-13.45.09-1-1024x768.jpeg\" alt=\"\" width=\"1024\" height=\"768\" srcset=\"https:\/\/www.conselharan.org\/wp-content\/uploads\/2026\/08\/WhatsApp-Image-2026-08-29-at-13.45.09-1-1024x768.jpeg 1024w, https:\/\/www.conselharan.org\/wp-content\/uploads\/2026\/08\/WhatsApp-Image-2026-08-29-at-13.45.09-1-300x225.jpeg 300w, https:\/\/www.conselharan.org\/wp-content\/uploads\/2026\/08\/WhatsApp-Image-2026-08-29-at-13.45.09-1-768x576.jpeg 768w, https:\/\/www.conselharan.org\/wp-content\/uploads\/2026\/08\/WhatsApp-Image-2026-08-29-at-13.45.09-1-1536x1152.jpeg 1536w, https:\/\/www.conselharan.org\/wp-content\/uploads\/2026\/08\/WhatsApp-Image-2026-08-29-at-13.45.09-1-2048x1536.jpeg 2048w\" sizes=\"(max-width: 1024px) 100vw, 1024px\" \/><\/a><\/p>\n<p>Es resultats e es classificacions dera pr\u00f2va se p\u00f2den consultar ena plataforma oficiau de\u00a0<a href=\"https:\/\/sportmaniacs.com\/es\/races\/29-corsa-e-caminada-des-15-pobles-26?utm_source=chatgpt.com\">Sportmaniacs<\/a>.com<\/p>\n ","protected":false},"excerpt":{"rendered":"<p>Eth nombre d\u2019inscrits ena edicion d\u2019enguan artenh es 466 corredors, des quaus 196 an estat hemnes e 270 \u00f2mes. Era Val d\u2019Aran acuelhec dissabte, 29 d&#8217;agost, era 29au edicion dera Corsa e caminada des 15 p\u00f2bles, ua des pr\u00f2ves esportives m\u00e8s arra\u00eftzades en territ\u00f2ri, que combine era practica esportiva damb eth coneishement e era descub\u00e8rta&#8230;<\/p>\n","protected":false},"author":2,"featured_media":0,"comment_status":"closed","ping_status":"closed","sticky":false,"template":"","format":"standard","meta":{"footnotes":""},"categories":[29,134,51,1,35],"tags":[],"_links":{"self":[{"href":"https:\/\/www.conselharan.org\/ca\/wp-json\/wp\/v2\/posts\/68553"}],"collection":[{"href":"https:\/\/www.conselharan.org\/ca\/wp-json\/wp\/v2\/posts"}],"about":[{"href":"https:\/\/www.conselharan.org\/ca\/wp-json\/wp\/v2\/types\/post"}],"author":[{"embeddable":true,"href":"https:\/\/www.conselharan.org\/ca\/wp-json\/wp\/v2\/users\/2"}],"replies":[{"embeddable":true,"href":"https:\/\/www.conselharan.org\/ca\/wp-json\/wp\/v2\/comments?post=68553"}],"version-history":[{"count":2,"href":"https:\/\/www.conselharan.org\/ca\/wp-json\/wp\/v2\/posts\/68553\/revisions"}],"predecessor-version":[{"id":68573,"href":"https:\/\/www.conselharan.org\/ca\/wp-json\/wp\/v2\/posts\/68553\/revisions\/68573"}],"wp:attachment":[{"href":"https:\/\/www.conselharan.org\/ca\/wp-json\/wp\/v2\/media?parent=68553"}],"wp:term":[{"taxonomy":"category","embeddable":true,"href":"https:\/\/www.conselharan.org\/ca\/wp-json\/wp\/v2\/categories?post=68553"},{"taxonomy":"post_tag","embeddable":true,"href":"https:\/\/www.conselharan.org\/ca\/wp-json\/wp\/v2\/tags?post=68553"}],"curies":[{"name":"wp","href":"https:\/\/api.w.org\/{rel}","templated":true}]}}