{"id":68586,"date":"2026-09-01T10:37:16","date_gmt":"2026-09-01T08:37:16","guid":{"rendered":"https:\/\/www.conselharan.org\/?p=68586"},"modified":"2026-09-01T10:37:19","modified_gmt":"2026-09-01T08:37:19","slug":"la-29a-cursa-i-caminada-dels-15-pobles-torna-a-posar-en-valor-els-camins-tradicionals-de-la-val-daran","status":"publish","type":"post","link":"https:\/\/www.conselharan.org\/ca\/la-29a-cursa-i-caminada-dels-15-pobles-torna-a-posar-en-valor-els-camins-tradicionals-de-la-val-daran\/","title":{"rendered":"La 29a Cursa i caminada dels 15 pobles torna a posar en valor els camins tradicionals de la Val d\u2019Aran"},"content":{"rendered":"<ul>\n<li>\n<h3><strong><a href=\"https:\/\/www.conselharan.org\/ca\/la-29a-cursa-i-caminada-dels-15-pobles-torna-a-posar-en-valor-els-camins-tradicionals-de-la-val-daran\/whatsapp-image-2026-08-29-at-13-45-08-4-2\/\" rel=\"attachment wp-att-68555\"><img loading=\"lazy\" decoding=\"async\" class=\"aligncenter size-large wp-image-68555\" src=\"https:\/\/www.conselharan.org\/wp-content\/uploads\/2026\/08\/WhatsApp-Image-2026-08-29-at-13.45.08-4-1024x768.jpeg\" alt=\"\" width=\"1024\" height=\"768\" srcset=\"https:\/\/www.conselharan.org\/wp-content\/uploads\/2026\/08\/WhatsApp-Image-2026-08-29-at-13.45.08-4-1024x768.jpeg 1024w, https:\/\/www.conselharan.org\/wp-content\/uploads\/2026\/08\/WhatsApp-Image-2026-08-29-at-13.45.08-4-300x225.jpeg 300w, https:\/\/www.conselharan.org\/wp-content\/uploads\/2026\/08\/WhatsApp-Image-2026-08-29-at-13.45.08-4-768x576.jpeg 768w, https:\/\/www.conselharan.org\/wp-content\/uploads\/2026\/08\/WhatsApp-Image-2026-08-29-at-13.45.08-4-1536x1152.jpeg 1536w, https:\/\/www.conselharan.org\/wp-content\/uploads\/2026\/08\/WhatsApp-Image-2026-08-29-at-13.45.08-4-2048x1536.jpeg 2048w\" sizes=\"(max-width: 1024px) 100vw, 1024px\" \/><\/a>El nombre d\u2019inscrits en l\u2019edici\u00f3 d\u2019enguany ha assolit els 466 corredors, dels quals 196 han estat dones i 270 homes.<\/strong><\/h3>\n<\/li>\n<\/ul>\n<p>La Val d\u2019Aran va acollir dissabte, <strong>29 d\u2019agost<\/strong>, la 29a edici\u00f3 de la <strong>Cursa i caminada dels 15 pobles<\/strong>, una de les proves esportives m\u00e9s arrelades al territori, que combina la pr\u00e0ctica esportiva amb el coneixement i el descobriment del patrimoni i dels camins tradicionals de la Val d\u2019Aran.<a href=\"https:\/\/www.conselharan.org\/ca\/la-29a-cursa-i-caminada-dels-15-pobles-torna-a-posar-en-valor-els-camins-tradicionals-de-la-val-daran\/whatsapp-image-2026-08-29-at-13-45-09-2\/\" rel=\"attachment wp-att-68561\"><img loading=\"lazy\" decoding=\"async\" class=\"aligncenter size-large wp-image-68561\" src=\"https:\/\/www.conselharan.org\/wp-content\/uploads\/2026\/08\/WhatsApp-Image-2026-08-29-at-13.45.09-1024x768.jpeg\" alt=\"\" width=\"1024\" height=\"768\" srcset=\"https:\/\/www.conselharan.org\/wp-content\/uploads\/2026\/08\/WhatsApp-Image-2026-08-29-at-13.45.09-1024x768.jpeg 1024w, https:\/\/www.conselharan.org\/wp-content\/uploads\/2026\/08\/WhatsApp-Image-2026-08-29-at-13.45.09-300x225.jpeg 300w, https:\/\/www.conselharan.org\/wp-content\/uploads\/2026\/08\/WhatsApp-Image-2026-08-29-at-13.45.09-768x576.jpeg 768w, https:\/\/www.conselharan.org\/wp-content\/uploads\/2026\/08\/WhatsApp-Image-2026-08-29-at-13.45.09-1536x1152.jpeg 1536w, https:\/\/www.conselharan.org\/wp-content\/uploads\/2026\/08\/WhatsApp-Image-2026-08-29-at-13.45.09-2048x1536.jpeg 2048w\" sizes=\"(max-width: 1024px) 100vw, 1024px\" \/><\/a><\/p>\n<p>La cursa m\u00e9s llarga tenia un recorregut de <strong>21,5 quil\u00f2metres i 1.132 metres de desnivell positiu<\/strong>, per\u00f2 el programa tamb\u00e9 inclo\u00efa diferents propostes adaptades a altres perfils de participants: la <strong>caminada de 15 quil\u00f2metres<\/strong>, el <strong>Trofeu Arturo Riba<\/strong>, d\u201911 quil\u00f2metres, i la <strong>Cursa i caminada Trofeu Roland Gin\u00e9<\/strong>, de 5 quil\u00f2metres.<\/p>\n<p>El nombre d\u2019inscrits en l\u2019edici\u00f3 d\u2019enguany ha assolit els <strong>466 corredors<\/strong>, dels quals <strong>196 han estat dones i 270 homes<\/strong>.<a href=\"https:\/\/www.conselharan.org\/ca\/la-29a-cursa-i-caminada-dels-15-pobles-torna-a-posar-en-valor-els-camins-tradicionals-de-la-val-daran\/whatsapp-image-2026-08-29-at-13-45-08-3-2\/\" rel=\"attachment wp-att-68564\"><img loading=\"lazy\" decoding=\"async\" class=\"aligncenter size-large wp-image-68564\" src=\"https:\/\/www.conselharan.org\/wp-content\/uploads\/2026\/08\/WhatsApp-Image-2026-08-29-at-13.45.08-3-1024x768.jpeg\" alt=\"\" width=\"1024\" height=\"768\" srcset=\"https:\/\/www.conselharan.org\/wp-content\/uploads\/2026\/08\/WhatsApp-Image-2026-08-29-at-13.45.08-3-1024x768.jpeg 1024w, https:\/\/www.conselharan.org\/wp-content\/uploads\/2026\/08\/WhatsApp-Image-2026-08-29-at-13.45.08-3-300x225.jpeg 300w, https:\/\/www.conselharan.org\/wp-content\/uploads\/2026\/08\/WhatsApp-Image-2026-08-29-at-13.45.08-3-768x576.jpeg 768w, https:\/\/www.conselharan.org\/wp-content\/uploads\/2026\/08\/WhatsApp-Image-2026-08-29-at-13.45.08-3-1536x1152.jpeg 1536w, https:\/\/www.conselharan.org\/wp-content\/uploads\/2026\/08\/WhatsApp-Image-2026-08-29-at-13.45.08-3-2048x1536.jpeg 2048w\" sizes=\"(max-width: 1024px) 100vw, 1024px\" \/><\/a><\/p>\n<p>Amb sortida a <strong>Es B\u00f2rdes<\/strong> i amb recorreguts que travessen diversos pobles i espais de la vall, la prova s\u2019ha consolidat com una de les cites importants del calendari esportiu aran\u00e8s i com una activitat que permet descobrir el territori des d\u2019una perspectiva diferent.<a href=\"https:\/\/www.conselharan.org\/ca\/la-29a-cursa-i-caminada-dels-15-pobles-torna-a-posar-en-valor-els-camins-tradicionals-de-la-val-daran\/whatsapp-image-2026-08-29-at-13-45-08-2-2\/\" rel=\"attachment wp-att-68567\"><img loading=\"lazy\" decoding=\"async\" class=\"aligncenter size-large wp-image-68567\" src=\"https:\/\/www.conselharan.org\/wp-content\/uploads\/2026\/08\/WhatsApp-Image-2026-08-29-at-13.45.08-2-1024x768.jpeg\" alt=\"\" width=\"1024\" height=\"768\" srcset=\"https:\/\/www.conselharan.org\/wp-content\/uploads\/2026\/08\/WhatsApp-Image-2026-08-29-at-13.45.08-2-1024x768.jpeg 1024w, https:\/\/www.conselharan.org\/wp-content\/uploads\/2026\/08\/WhatsApp-Image-2026-08-29-at-13.45.08-2-300x225.jpeg 300w, https:\/\/www.conselharan.org\/wp-content\/uploads\/2026\/08\/WhatsApp-Image-2026-08-29-at-13.45.08-2-768x576.jpeg 768w, https:\/\/www.conselharan.org\/wp-content\/uploads\/2026\/08\/WhatsApp-Image-2026-08-29-at-13.45.08-2-1536x1152.jpeg 1536w, https:\/\/www.conselharan.org\/wp-content\/uploads\/2026\/08\/WhatsApp-Image-2026-08-29-at-13.45.08-2-2048x1536.jpeg 2048w\" sizes=\"(max-width: 1024px) 100vw, 1024px\" \/><\/a><\/p>\n<p>La 29a edici\u00f3 ha tornat a reivindicar el valor dels <strong>camins tradicionals de la Val d\u2019Aran<\/strong> com a espais de pr\u00e0ctica esportiva, de connexi\u00f3 entre els pobles i de descoberta del patrimoni natural i cultural aran\u00e8s.<a href=\"https:\/\/www.conselharan.org\/ca\/la-29a-cursa-i-caminada-dels-15-pobles-torna-a-posar-en-valor-els-camins-tradicionals-de-la-val-daran\/whatsapp-image-2026-08-29-at-13-45-09-1-2\/\" rel=\"attachment wp-att-68558\"><img loading=\"lazy\" decoding=\"async\" class=\"aligncenter size-large wp-image-68558\" src=\"https:\/\/www.conselharan.org\/wp-content\/uploads\/2026\/08\/WhatsApp-Image-2026-08-29-at-13.45.09-1-1024x768.jpeg\" alt=\"\" width=\"1024\" height=\"768\" srcset=\"https:\/\/www.conselharan.org\/wp-content\/uploads\/2026\/08\/WhatsApp-Image-2026-08-29-at-13.45.09-1-1024x768.jpeg 1024w, https:\/\/www.conselharan.org\/wp-content\/uploads\/2026\/08\/WhatsApp-Image-2026-08-29-at-13.45.09-1-300x225.jpeg 300w, https:\/\/www.conselharan.org\/wp-content\/uploads\/2026\/08\/WhatsApp-Image-2026-08-29-at-13.45.09-1-768x576.jpeg 768w, https:\/\/www.conselharan.org\/wp-content\/uploads\/2026\/08\/WhatsApp-Image-2026-08-29-at-13.45.09-1-1536x1152.jpeg 1536w, https:\/\/www.conselharan.org\/wp-content\/uploads\/2026\/08\/WhatsApp-Image-2026-08-29-at-13.45.09-1-2048x1536.jpeg 2048w\" sizes=\"(max-width: 1024px) 100vw, 1024px\" \/><\/a><\/p>\n<p>Els resultats i les classificacions de la prova es poden consultar a la plataforma oficial de <strong>Sportmaniacs<\/strong>.<\/p>\n<p><em>Vielha, 31 d\u2019agost de 2026<\/em><\/p>\n ","protected":false},"excerpt":{"rendered":"<p>El nombre d\u2019inscrits en l\u2019edici\u00f3 d\u2019enguany ha assolit els 466 corredors, dels quals 196 han estat dones i 270 homes. La Val d\u2019Aran va acollir dissabte, 29 d\u2019agost, la 29a edici\u00f3 de la Cursa i caminada dels 15 pobles, una de les proves esportives m\u00e9s arrelades al territori, que combina la pr\u00e0ctica esportiva amb el&#8230;<\/p>\n","protected":false},"author":2,"featured_media":68558,"comment_status":"closed","ping_status":"closed","sticky":false,"template":"","format":"standard","meta":{"footnotes":""},"categories":[31,136,53,33,36],"tags":[],"_links":{"self":[{"href":"https:\/\/www.conselharan.org\/ca\/wp-json\/wp\/v2\/posts\/68586"}],"collection":[{"href":"https:\/\/www.conselharan.org\/ca\/wp-json\/wp\/v2\/posts"}],"about":[{"href":"https:\/\/www.conselharan.org\/ca\/wp-json\/wp\/v2\/types\/post"}],"author":[{"embeddable":true,"href":"https:\/\/www.conselharan.org\/ca\/wp-json\/wp\/v2\/users\/2"}],"replies":[{"embeddable":true,"href":"https:\/\/www.conselharan.org\/ca\/wp-json\/wp\/v2\/comments?post=68586"}],"version-history":[{"count":2,"href":"https:\/\/www.conselharan.org\/ca\/wp-json\/wp\/v2\/posts\/68586\/revisions"}],"predecessor-version":[{"id":68588,"href":"https:\/\/www.conselharan.org\/ca\/wp-json\/wp\/v2\/posts\/68586\/revisions\/68588"}],"wp:featuredmedia":[{"embeddable":true,"href":"https:\/\/www.conselharan.org\/ca\/wp-json\/wp\/v2\/media\/68558"}],"wp:attachment":[{"href":"https:\/\/www.conselharan.org\/ca\/wp-json\/wp\/v2\/media?parent=68586"}],"wp:term":[{"taxonomy":"category","embeddable":true,"href":"https:\/\/www.conselharan.org\/ca\/wp-json\/wp\/v2\/categories?post=68586"},{"taxonomy":"post_tag","embeddable":true,"href":"https:\/\/www.conselharan.org\/ca\/wp-json\/wp\/v2\/tags?post=68586"}],"curies":[{"name":"wp","href":"https:\/\/api.w.org\/{rel}","templated":true}]}}