{"id":68604,"date":"2026-09-01T16:08:47","date_gmt":"2026-09-01T14:08:47","guid":{"rendered":"https:\/\/www.conselharan.org\/?p=68604"},"modified":"2026-09-01T16:08:47","modified_gmt":"2026-09-01T14:08:47","slug":"comencen-les-proves-de-les-certificacions-daranes-occita-de-la-convocatoria-de-setembre-del-curs-2025-2026","status":"publish","type":"post","link":"https:\/\/www.conselharan.org\/ca\/comencen-les-proves-de-les-certificacions-daranes-occita-de-la-convocatoria-de-setembre-del-curs-2025-2026\/","title":{"rendered":"Comencen les proves de les certificacions d\u2019aran\u00e8s\/occit\u00e0 de la convocat\u00f2ria de setembre del curs 2025-2026"},"content":{"rendered":"<ul>\n<li>\n<h3><a href=\"https:\/\/www.conselharan.org\/ca\/comencen-les-proves-de-les-certificacions-daranes-occita-de-la-convocatoria-de-setembre-del-curs-2025-2026\/proves-aranes-25-26-3\/\" rel=\"attachment wp-att-68600\"><img loading=\"lazy\" decoding=\"async\" class=\"aligncenter size-large wp-image-68600\" src=\"https:\/\/www.conselharan.org\/wp-content\/uploads\/2026\/09\/Proves-aranes-25-26-1024x768.jpeg\" alt=\"\" width=\"1024\" height=\"768\" srcset=\"https:\/\/www.conselharan.org\/wp-content\/uploads\/2026\/09\/Proves-aranes-25-26-1024x768.jpeg 1024w, https:\/\/www.conselharan.org\/wp-content\/uploads\/2026\/09\/Proves-aranes-25-26-300x225.jpeg 300w, https:\/\/www.conselharan.org\/wp-content\/uploads\/2026\/09\/Proves-aranes-25-26-768x576.jpeg 768w, https:\/\/www.conselharan.org\/wp-content\/uploads\/2026\/09\/Proves-aranes-25-26-1536x1152.jpeg 1536w, https:\/\/www.conselharan.org\/wp-content\/uploads\/2026\/09\/Proves-aranes-25-26.jpeg 1600w\" sizes=\"(max-width: 1024px) 100vw, 1024px\" \/><\/a><strong>El Conselh Generau d\u2019Aran ha comen\u00e7at avui els ex\u00e0mens de la segona convocat\u00f2ria, dels nivells A1 al C1, a Vielha i de manera presencial.<\/strong><\/h3>\n<\/li>\n<\/ul>\n<p>Avui han comen\u00e7at les proves oficials per a l\u2019obtenci\u00f3 dels certificats d\u2019aran\u00e8s\/occit\u00e0 del Departament de Cultura i Llengua del Conselh Generau d\u2019Aran corresponents a la convocat\u00f2ria de setembre del curs 2025-2026. La jornada inaugural ha comen\u00e7at amb les proves escrites i orals dels nivells A1 i A2 a la seu del Govern d\u2019Aran, a Vielha, de manera presencial.<a href=\"https:\/\/www.conselharan.org\/ca\/comencen-les-proves-de-les-certificacions-daranes-occita-de-la-convocatoria-de-setembre-del-curs-2025-2026\/proves-aranes-25-26-2-2\/\" rel=\"attachment wp-att-68594\"><img loading=\"lazy\" decoding=\"async\" class=\"aligncenter size-large wp-image-68594\" src=\"https:\/\/www.conselharan.org\/wp-content\/uploads\/2026\/09\/Proves-aranes-25-26-2-768x1024.png\" alt=\"\" width=\"768\" height=\"1024\" srcset=\"https:\/\/www.conselharan.org\/wp-content\/uploads\/2026\/09\/Proves-aranes-25-26-2-768x1024.png 768w, https:\/\/www.conselharan.org\/wp-content\/uploads\/2026\/09\/Proves-aranes-25-26-2-225x300.png 225w, https:\/\/www.conselharan.org\/wp-content\/uploads\/2026\/09\/Proves-aranes-25-26-2.png 1086w\" sizes=\"(max-width: 768px) 100vw, 768px\" \/><\/a><\/p>\n<p>Al llarg d\u2019aquesta segona convocat\u00f2ria, que es fa entre l\u20191 i el 4 de setembre de 2026, es faran els ex\u00e0mens dels nivells A1, A2, B1, B2 i C1. Cal remarcar que les proves escrites i orals es fan de manera presencial a la seu del govern aran\u00e8s.<a href=\"https:\/\/www.conselharan.org\/ca\/comencen-les-proves-de-les-certificacions-daranes-occita-de-la-convocatoria-de-setembre-del-curs-2025-2026\/proves-aranes-25-26-1-2\/\" rel=\"attachment wp-att-68597\"><img loading=\"lazy\" decoding=\"async\" class=\"aligncenter size-large wp-image-68597\" src=\"https:\/\/www.conselharan.org\/wp-content\/uploads\/2026\/09\/Proves-aranes-25-26-1-1024x768.jpeg\" alt=\"\" width=\"1024\" height=\"768\" srcset=\"https:\/\/www.conselharan.org\/wp-content\/uploads\/2026\/09\/Proves-aranes-25-26-1-1024x768.jpeg 1024w, https:\/\/www.conselharan.org\/wp-content\/uploads\/2026\/09\/Proves-aranes-25-26-1-300x225.jpeg 300w, https:\/\/www.conselharan.org\/wp-content\/uploads\/2026\/09\/Proves-aranes-25-26-1-768x576.jpeg 768w, https:\/\/www.conselharan.org\/wp-content\/uploads\/2026\/09\/Proves-aranes-25-26-1-1536x1152.jpeg 1536w, https:\/\/www.conselharan.org\/wp-content\/uploads\/2026\/09\/Proves-aranes-25-26-1.jpeg 1600w\" sizes=\"(max-width: 1024px) 100vw, 1024px\" \/><\/a><\/p>\n<p>El Conselh Generau d\u2019Aran ha posat en valor \u201cl\u2019increment de l\u2019inter\u00e8s per la formaci\u00f3 i les certificacions d\u2019aran\u00e8s, que en aquesta convocat\u00f2ria compta amb un total d\u2019una quarantena que s\u2019examinen\u201d.<\/p>\n<p>Tota la informaci\u00f3 sobre els certificats es podr\u00e0 consultar al web oficial: aranes.conselharan.org<\/p>\n<p><em>Vielha, 1 de setembre de 2026<\/em><\/p>\n ","protected":false},"excerpt":{"rendered":"<p>El Conselh Generau d\u2019Aran ha comen\u00e7at avui els ex\u00e0mens de la segona convocat\u00f2ria, dels nivells A1 al C1, a Vielha i de manera presencial. Avui han comen\u00e7at les proves oficials per a l\u2019obtenci\u00f3 dels certificats d\u2019aran\u00e8s\/occit\u00e0 del Departament de Cultura i Llengua del Conselh Generau d\u2019Aran corresponents a la convocat\u00f2ria de setembre del curs 2025-2026&#8230;.<\/p>\n","protected":false},"author":2,"featured_media":68594,"comment_status":"closed","ping_status":"closed","sticky":false,"template":"","format":"standard","meta":{"footnotes":""},"categories":[31,794,53,133,33,36],"tags":[],"_links":{"self":[{"href":"https:\/\/www.conselharan.org\/ca\/wp-json\/wp\/v2\/posts\/68604"}],"collection":[{"href":"https:\/\/www.conselharan.org\/ca\/wp-json\/wp\/v2\/posts"}],"about":[{"href":"https:\/\/www.conselharan.org\/ca\/wp-json\/wp\/v2\/types\/post"}],"author":[{"embeddable":true,"href":"https:\/\/www.conselharan.org\/ca\/wp-json\/wp\/v2\/users\/2"}],"replies":[{"embeddable":true,"href":"https:\/\/www.conselharan.org\/ca\/wp-json\/wp\/v2\/comments?post=68604"}],"version-history":[{"count":2,"href":"https:\/\/www.conselharan.org\/ca\/wp-json\/wp\/v2\/posts\/68604\/revisions"}],"predecessor-version":[{"id":68606,"href":"https:\/\/www.conselharan.org\/ca\/wp-json\/wp\/v2\/posts\/68604\/revisions\/68606"}],"wp:featuredmedia":[{"embeddable":true,"href":"https:\/\/www.conselharan.org\/ca\/wp-json\/wp\/v2\/media\/68594"}],"wp:attachment":[{"href":"https:\/\/www.conselharan.org\/ca\/wp-json\/wp\/v2\/media?parent=68604"}],"wp:term":[{"taxonomy":"category","embeddable":true,"href":"https:\/\/www.conselharan.org\/ca\/wp-json\/wp\/v2\/categories?post=68604"},{"taxonomy":"post_tag","embeddable":true,"href":"https:\/\/www.conselharan.org\/ca\/wp-json\/wp\/v2\/tags?post=68604"}],"curies":[{"name":"wp","href":"https:\/\/api.w.org\/{rel}","templated":true}]}}