{"id":6935,"date":"2015-04-02T08:00:59","date_gmt":"2015-04-02T06:00:59","guid":{"rendered":"http:\/\/www.conselharan.org\/?p=6935"},"modified":"2015-04-01T14:49:30","modified_gmt":"2015-04-01T12:49:30","slug":"exposicio-a-vielha-consum-punt-de-trobada-de-lagencia-catalana-del-consum","status":"publish","type":"post","link":"https:\/\/www.conselharan.org\/ca\/exposicio-a-vielha-consum-punt-de-trobada-de-lagencia-catalana-del-consum\/","title":{"rendered":"Exposici\u00f3 a Vielha \u201cConsum: punt de trobada\u201d de l\u2019Ag\u00e8ncia Catalana del Consum"},"content":{"rendered":"<p><a href=\"http:\/\/www.conselharan.org\/wp-content\/uploads\/2015\/04\/expo-consum.jpg\"><img loading=\"lazy\" decoding=\"async\" class=\"aligncenter size-large wp-image-6933\" alt=\"expo-consum\" src=\"http:\/\/www.conselharan.org\/wp-content\/uploads\/2015\/04\/expo-consum-1024x703.jpg\" width=\"1024\" height=\"703\" srcset=\"https:\/\/www.conselharan.org\/wp-content\/uploads\/2015\/04\/expo-consum-1024x703.jpg 1024w, https:\/\/www.conselharan.org\/wp-content\/uploads\/2015\/04\/expo-consum-300x206.jpg 300w\" sizes=\"(max-width: 1024px) 100vw, 1024px\" \/><\/a><\/p>\n<p>&nbsp;<\/p>\n<p>El director de l\u2019Ag\u00e8ncia Catalana del Consum, <strong>Alfons Conesa<\/strong>, i la conselh\u00e8ra de Turisme, Comer\u00e7 i Consum d\u2019Aran, <strong>Anna D\u00edaz<\/strong>, han presentat l\u2019exposici\u00f3 \u201c<em><strong>Consum: punt de trobada\u201d<\/strong><\/em>, amb l\u2019objectiu de mostrar als visitants l\u2019estructura del consum a Catalunya, un model que protegeix les persones consumidores i que s\u2019ha vist refor\u00e7at amb el Codi de Consum de Catalunya. Amb aquest model es vol potenciar el consum cr\u00edtic i reflexiu a trav\u00e9s de cinc conceptes: el Codi de Consum; drets i deures dels consumidors; seguretat de productes; activitats d\u2019informaci\u00f3 i formaci\u00f3 que es porten a terme des de l\u2019Ag\u00e8ncia Catalana del Consum i el consum reflexiu.<\/p>\n<p>L\u2019exposici\u00f3 t\u00e9 un format original i diferent ja que es podr\u00e0 veure i consultar de manera interactiva dintre d\u2019uns contenidors que estaran instal\u2022lats fins el 12 d\u2019abril a les antigues casernes militars de Vielha. Els dies i l\u2019horari de visites ser\u00e0 de <strong>dilluns a diumenges de 11 a 21h<\/strong>.<\/p>\n ","protected":false},"excerpt":{"rendered":"<p>&nbsp; El director de l\u2019Ag\u00e8ncia Catalana del Consum, Alfons Conesa, i la conselh\u00e8ra de Turisme, Comer\u00e7 i Consum d\u2019Aran, Anna D\u00edaz, han presentat l\u2019exposici\u00f3 \u201cConsum: punt de trobada\u201d, amb l\u2019objectiu de mostrar als visitants l\u2019estructura del consum a Catalunya, un model que protegeix les persones consumidores i que s\u2019ha vist refor\u00e7at amb el Codi de&#8230;<\/p>\n","protected":false},"author":2,"featured_media":6933,"comment_status":"closed","ping_status":"closed","sticky":false,"template":"","format":"standard","meta":{"footnotes":""},"categories":[31,33,36],"tags":[],"_links":{"self":[{"href":"https:\/\/www.conselharan.org\/ca\/wp-json\/wp\/v2\/posts\/6935"}],"collection":[{"href":"https:\/\/www.conselharan.org\/ca\/wp-json\/wp\/v2\/posts"}],"about":[{"href":"https:\/\/www.conselharan.org\/ca\/wp-json\/wp\/v2\/types\/post"}],"author":[{"embeddable":true,"href":"https:\/\/www.conselharan.org\/ca\/wp-json\/wp\/v2\/users\/2"}],"replies":[{"embeddable":true,"href":"https:\/\/www.conselharan.org\/ca\/wp-json\/wp\/v2\/comments?post=6935"}],"version-history":[{"count":1,"href":"https:\/\/www.conselharan.org\/ca\/wp-json\/wp\/v2\/posts\/6935\/revisions"}],"predecessor-version":[{"id":6936,"href":"https:\/\/www.conselharan.org\/ca\/wp-json\/wp\/v2\/posts\/6935\/revisions\/6936"}],"wp:featuredmedia":[{"embeddable":true,"href":"https:\/\/www.conselharan.org\/ca\/wp-json\/wp\/v2\/media\/6933"}],"wp:attachment":[{"href":"https:\/\/www.conselharan.org\/ca\/wp-json\/wp\/v2\/media?parent=6935"}],"wp:term":[{"taxonomy":"category","embeddable":true,"href":"https:\/\/www.conselharan.org\/ca\/wp-json\/wp\/v2\/categories?post=6935"},{"taxonomy":"post_tag","embeddable":true,"href":"https:\/\/www.conselharan.org\/ca\/wp-json\/wp\/v2\/tags?post=6935"}],"curies":[{"name":"wp","href":"https:\/\/api.w.org\/{rel}","templated":true}]}}