{"id":7081,"date":"2015-04-21T08:00:41","date_gmt":"2015-04-21T06:00:41","guid":{"rendered":"http:\/\/www.conselharan.org\/?p=7081"},"modified":"2015-04-21T16:48:43","modified_gmt":"2015-04-21T14:48:43","slug":"els-aranesos-pol-vidal-i-marta-cester-entre-els-millors-fondistes-de-la-10a-copa-catalana","status":"publish","type":"post","link":"https:\/\/www.conselharan.org\/ca\/els-aranesos-pol-vidal-i-marta-cester-entre-els-millors-fondistes-de-la-10a-copa-catalana\/","title":{"rendered":"Bons resultats dels fondistes aranesos en la 10ena Copa Catalana i 5ena Copa Nins"},"content":{"rendered":"<p><strong>Els circuits d&#8217;esqu\u00ed de fons de la Copa Catalana i la Copa Nins ja tenen esportistes i clubs Campions de la temporada 2014-2015.<\/strong><\/p>\n<p><strong>El lliurament de premis es va celebrar el passat dissabte 18 d&#8217;abril en l&#8217;estaci\u00f3 d&#8217;esqu\u00ed d&#8217;Aransa.<\/strong><\/p>\n<p><a href=\"http:\/\/www.conselharan.org\/wp-content\/uploads\/2015\/04\/hons.jpg\"><img loading=\"lazy\" decoding=\"async\" class=\"aligncenter size-large wp-image-7091\" src=\"http:\/\/www.conselharan.org\/wp-content\/uploads\/2015\/04\/hons-1024x476.jpg\" alt=\"hons\" width=\"1024\" height=\"476\" srcset=\"https:\/\/www.conselharan.org\/wp-content\/uploads\/2015\/04\/hons-1024x476.jpg 1024w, https:\/\/www.conselharan.org\/wp-content\/uploads\/2015\/04\/hons-300x139.jpg 300w\" sizes=\"(max-width: 1024px) 100vw, 1024px\" \/><\/a><\/p>\n<p>Celebrades el conjunt de proves que han conformat el circuit de fons de la Copa Catalana 2015, els esportistes aranesos que s&#8217;han proclamat campions en les diferents categories han estat <strong>Pol Vidal (ANEC) <\/strong>en U18<strong>; Oriol Llarden i Marta C\u00e9ster (CAEI) <\/strong>en U20,<strong> Mari Cruz Palaci\u00edn (ANEC) <\/strong>en M\u00e0ster 2.<\/p>\n<p>Bons resultats tamb\u00e9 dels aranesos <strong>David C\u00e9ster (CAEI) <\/strong>i<strong> Jose Ramon Rodr\u00edguez (ANEC)<\/strong> 3r i 5\u00e8 respectivament en S\u00e8nior;<strong> Nil Llarden (ANEC)<\/strong> 6\u00e8 en U20; <strong>Roger Espinet (CAEI), Marc P\u00e9rez (ANEC) i Jan Segal\u00e0s (ANEC)<\/strong> 3r, 4rt i 9\u00e8 respectivament en U18; <strong>Lydia Iglesias (ANEC)<\/strong> 2a en U18; <strong>Juan Jos\u00e9 Iglesias (ANEC) <\/strong>i<strong> I\u00f1igo Oyarzabal (CAEI)<\/strong> 5\u00e8 i 10\u00e8 respectivament en M\u00e0ster 1; <strong>Josep Llarden (ANEC) i Jose Manuel Rodr\u00edguez (ANEC)<\/strong> 2n i 8\u00e8 respectivament en M\u00e0ster 2; <strong>Carla Bad\u00eda (CAEI)<\/strong> 4a en U16; <strong>Marc Vidal (ANEC), Gerard de Castellarnau (ANEC) i Joan Marc Albert (ANEC)<\/strong> 2n, 4rt i 9\u00e8 respectivament en U16.<\/p>\n<p>Pel que fa a la Copa Nins, els aranesos<strong> Maria Iglesias (ANEC), Marta Moreno (CAEI) i Zoe Sanllehy (CAEI)<\/strong> 2a, 4a i 9a respectivament en U14; <strong>Eric Ricart (CAEI)<\/strong> i<strong> Enric Mosteirin (CAEI)<\/strong> 7\u00e8 i 8\u00e8 respectivament en U14.<\/p>\n<p>Quant a la classificaci\u00f3 per clubs en la Copa Catalana l&#8217;<strong>Aran N\u00f2rdic Esqu\u00ed Club <\/strong>i el<strong> CAEI<\/strong> es van classificar en 2n i 6\u00e8 lloc respectivament de 21 clubs. En la Copa Nius, el <strong>CAEI<\/strong> va aconseguir el 6\u00e8 lloc de 9 clubs.<\/p>\n ","protected":false},"excerpt":{"rendered":"<p>Els circuits d&#8217;esqu\u00ed de fons de la Copa Catalana i la Copa Nins ja tenen esportistes i clubs Campions de la temporada 2014-2015. El lliurament de premis es va celebrar el passat dissabte 18 d&#8217;abril en l&#8217;estaci\u00f3 d&#8217;esqu\u00ed d&#8217;Aransa. Celebrades el conjunt de proves que han conformat el circuit de fons de la Copa Catalana&#8230;<\/p>\n","protected":false},"author":2,"featured_media":7091,"comment_status":"closed","ping_status":"closed","sticky":false,"template":"","format":"standard","meta":{"footnotes":""},"categories":[31,33,36],"tags":[],"_links":{"self":[{"href":"https:\/\/www.conselharan.org\/ca\/wp-json\/wp\/v2\/posts\/7081"}],"collection":[{"href":"https:\/\/www.conselharan.org\/ca\/wp-json\/wp\/v2\/posts"}],"about":[{"href":"https:\/\/www.conselharan.org\/ca\/wp-json\/wp\/v2\/types\/post"}],"author":[{"embeddable":true,"href":"https:\/\/www.conselharan.org\/ca\/wp-json\/wp\/v2\/users\/2"}],"replies":[{"embeddable":true,"href":"https:\/\/www.conselharan.org\/ca\/wp-json\/wp\/v2\/comments?post=7081"}],"version-history":[{"count":3,"href":"https:\/\/www.conselharan.org\/ca\/wp-json\/wp\/v2\/posts\/7081\/revisions"}],"predecessor-version":[{"id":7096,"href":"https:\/\/www.conselharan.org\/ca\/wp-json\/wp\/v2\/posts\/7081\/revisions\/7096"}],"wp:featuredmedia":[{"embeddable":true,"href":"https:\/\/www.conselharan.org\/ca\/wp-json\/wp\/v2\/media\/7091"}],"wp:attachment":[{"href":"https:\/\/www.conselharan.org\/ca\/wp-json\/wp\/v2\/media?parent=7081"}],"wp:term":[{"taxonomy":"category","embeddable":true,"href":"https:\/\/www.conselharan.org\/ca\/wp-json\/wp\/v2\/categories?post=7081"},{"taxonomy":"post_tag","embeddable":true,"href":"https:\/\/www.conselharan.org\/ca\/wp-json\/wp\/v2\/tags?post=7081"}],"curies":[{"name":"wp","href":"https:\/\/api.w.org\/{rel}","templated":true}]}}