{"id":7147,"date":"2015-04-28T12:21:04","date_gmt":"2015-04-28T10:21:04","guid":{"rendered":"http:\/\/www.conselharan.org\/?p=7147"},"modified":"2015-04-28T12:22:28","modified_gmt":"2015-04-28T10:22:28","slug":"el-conselh-generau-daran-obre-la-convocatoria-per-sol%e2%80%a2licitar-subvencions-per-lexercici-2015","status":"publish","type":"post","link":"https:\/\/www.conselharan.org\/ca\/el-conselh-generau-daran-obre-la-convocatoria-per-sol%e2%80%a2licitar-subvencions-per-lexercici-2015\/","title":{"rendered":"El Conselh Generau d\u2019Aran obre la convocat\u00f2ria per sol\u2022licitar subvencions per l\u2019exercici 2015"},"content":{"rendered":"<p><strong>\u2022 El termini de presentaci\u00f3 de sol\u2022licituds de subvenci\u00f3 acaba el 5 de juny de 2015.<\/strong><\/p>\n<p><a href=\"http:\/\/www.conselharan.org\/wp-content\/uploads\/2015\/04\/DSC_0032.jpg\"><img loading=\"lazy\" decoding=\"async\" class=\"aligncenter size-large wp-image-7145\" src=\"http:\/\/www.conselharan.org\/wp-content\/uploads\/2015\/04\/DSC_0032-1024x685.jpg\" alt=\"DSC_0032\" width=\"1024\" height=\"685\" srcset=\"https:\/\/www.conselharan.org\/wp-content\/uploads\/2015\/04\/DSC_0032-1024x685.jpg 1024w, https:\/\/www.conselharan.org\/wp-content\/uploads\/2015\/04\/DSC_0032-300x201.jpg 300w\" sizes=\"(max-width: 1024px) 100vw, 1024px\" \/><\/a><\/p>\n<p>Els diversos \u00e0mbits objecte d\u2019aquestes convocat\u00f2ries s\u00f3n els seg\u00fcents:<\/p>\n<p><strong>a) Subvencions en l&#8217;\u00e0rea de cultura i llengua.<\/strong><\/p>\n<p>El Conselh de Gov\u00e8rn del Conselh Generau d\u2019Aran de data 16 de mar\u00e7 de 2015 va aprovar la convocat\u00f2ria per la concessi\u00f3 de subvencions a l&#8217;\u00e0rea de cultura i llengua per l&#8217;any 2015. La concessi\u00f3 d\u2019ajudes i subvencions econ\u00f2miques que entrega el Conselh Generau d\u2019Aran a l&#8217;\u00e0rea de la difusi\u00f3 i dinamitzaci\u00f3 cultural a la Val d\u2019Aran.<\/p>\n<p>L&#8217;\u00e0mbit temporal d\u2019execuci\u00f3 de les activitats per realitzar comprendr\u00e0 el terme compr\u00e8s entre el 1 de gener de 2015 i el 31 de desembre de 2015.<\/p>\n<p><strong>b) Subvencions en l\u2019\u00e0rea d\u2019esports.<\/strong><\/p>\n<p>El Conselh de Gov\u00e8rn del Conselh Generau d\u2019Aran de data 16 de mar\u00e7 de 2015 va aprovar la convocat\u00f2ria per la concessi\u00f3 de subvencions a l&#8217;\u00e0rea d\u2019esports per l&#8217;any 2015. La concessi\u00f3 d\u2019ajudes i subvencions econ\u00f2miques que entrega el Conselh Generau d\u2019Aran a l&#8217;\u00e0rea d\u2019esports a la Val d\u2019Aran.<\/p>\n<p>L&#8217;\u00e0mbit temporal d\u2019execuci\u00f3 de les activitats per realitzar comprendr\u00e0 el terme compr\u00e8s entre el 1 de gener de 2015 i el 31 de desembre de 2015.<\/p>\n<p><strong>c) Subvencions a diverses \u00e0rees.<\/strong><\/p>\n<p>El Conselh de Gov\u00e8rn del Conselh Generau d\u2019Aran de data 16 de mar\u00e7 de 2015 va aprovar la convocat\u00f2ria per la concessi\u00f3 de subvencions a diverses \u00e0rees per l&#8217;any 2015.<\/p>\n<p>La concessi\u00f3 d\u2019ajudes i subvencions econ\u00f2miques que entrega el Conselh Generau d\u2019Aran a les \u00e0rees de: medi ambient, acci\u00f3 social, joventut, ensenyament i promoci\u00f3 tur\u00edstica a la Val d\u2019Aran.<\/p>\n<p>L&#8217;\u00e0mbit temporal d\u2019execuci\u00f3 de les activitats per realitzar comprendr\u00e0 el terme compr\u00e8s entre el 1 de gener de 2015 i el 31 de desembre de 2015.<\/p>\n<p>M\u00e9s informaci\u00f3 i documentaci\u00f3: <a href=\"http:\/\/www.conselharan.org\/subvencions-deth-conselh\/\" target=\"_blank\"><strong>http:\/\/www.conselharan.org\/subvencions-deth-conselh\/<\/strong><\/a><\/p>\n ","protected":false},"excerpt":{"rendered":"<p>\u2022 El termini de presentaci\u00f3 de sol\u2022licituds de subvenci\u00f3 acaba el 5 de juny de 2015. Els diversos \u00e0mbits objecte d\u2019aquestes convocat\u00f2ries s\u00f3n els seg\u00fcents: a) Subvencions en l&#8217;\u00e0rea de cultura i llengua. El Conselh de Gov\u00e8rn del Conselh Generau d\u2019Aran de data 16 de mar\u00e7 de 2015 va aprovar la convocat\u00f2ria per la concessi\u00f3&#8230;<\/p>\n","protected":false},"author":2,"featured_media":7145,"comment_status":"closed","ping_status":"closed","sticky":false,"template":"","format":"standard","meta":{"footnotes":""},"categories":[31,53,33,36],"tags":[],"_links":{"self":[{"href":"https:\/\/www.conselharan.org\/ca\/wp-json\/wp\/v2\/posts\/7147"}],"collection":[{"href":"https:\/\/www.conselharan.org\/ca\/wp-json\/wp\/v2\/posts"}],"about":[{"href":"https:\/\/www.conselharan.org\/ca\/wp-json\/wp\/v2\/types\/post"}],"author":[{"embeddable":true,"href":"https:\/\/www.conselharan.org\/ca\/wp-json\/wp\/v2\/users\/2"}],"replies":[{"embeddable":true,"href":"https:\/\/www.conselharan.org\/ca\/wp-json\/wp\/v2\/comments?post=7147"}],"version-history":[{"count":1,"href":"https:\/\/www.conselharan.org\/ca\/wp-json\/wp\/v2\/posts\/7147\/revisions"}],"predecessor-version":[{"id":7148,"href":"https:\/\/www.conselharan.org\/ca\/wp-json\/wp\/v2\/posts\/7147\/revisions\/7148"}],"wp:featuredmedia":[{"embeddable":true,"href":"https:\/\/www.conselharan.org\/ca\/wp-json\/wp\/v2\/media\/7145"}],"wp:attachment":[{"href":"https:\/\/www.conselharan.org\/ca\/wp-json\/wp\/v2\/media?parent=7147"}],"wp:term":[{"taxonomy":"category","embeddable":true,"href":"https:\/\/www.conselharan.org\/ca\/wp-json\/wp\/v2\/categories?post=7147"},{"taxonomy":"post_tag","embeddable":true,"href":"https:\/\/www.conselharan.org\/ca\/wp-json\/wp\/v2\/tags?post=7147"}],"curies":[{"name":"wp","href":"https:\/\/api.w.org\/{rel}","templated":true}]}}