{"id":7164,"date":"2015-05-02T08:00:52","date_gmt":"2015-05-02T06:00:52","guid":{"rendered":"http:\/\/www.conselharan.org\/?p=7164"},"modified":"2015-05-01T14:04:24","modified_gmt":"2015-05-01T12:04:24","slug":"el-conselh-generau-daran-aprova-els-pressupostos-del-2015","status":"publish","type":"post","link":"https:\/\/www.conselharan.org\/ca\/el-conselh-generau-daran-aprova-els-pressupostos-del-2015\/","title":{"rendered":"El Conselh Generau d\u2019Aran aprova els pressupostos del 2015"},"content":{"rendered":"<p><strong>\u2022 Eth Gov\u00e8rn aran\u00e8s inclou 22.000\u20ac per les ajudes als esportistes estudiants de la Val d\u2019Aran per l\u2019any 2015.<\/strong><\/p>\n<p><a href=\"http:\/\/www.conselharan.org\/wp-content\/uploads\/2015\/05\/vicesindic-Medina.jpg\"><img loading=\"lazy\" decoding=\"async\" class=\"aligncenter size-full wp-image-7162\" src=\"http:\/\/www.conselharan.org\/wp-content\/uploads\/2015\/05\/vicesindic-Medina.jpg\" alt=\"vicesindic Medina\" width=\"895\" height=\"851\" srcset=\"https:\/\/www.conselharan.org\/wp-content\/uploads\/2015\/05\/vicesindic-Medina.jpg 895w, https:\/\/www.conselharan.org\/wp-content\/uploads\/2015\/05\/vicesindic-Medina-300x285.jpg 300w\" sizes=\"(max-width: 895px) 100vw, 895px\" \/><\/a><\/p>\n<p>El Ple del Conselh Generau d\u2019Aran va aprovar per 7 vots a favor de CDA i l&#8217;abstenci\u00f3 d\u2019UA-PSC i del PRAG els pressupostos per l&#8217;any 2015 que ascendeixen a 27 milions d\u2019euros i que inclouen una nova ruta tur\u00edstica, l&#8217;ampliaci\u00f3 del refugi de l&#8217;Artiga de Lin i la millora de l&#8217;\u00e0rea quir\u00fargica de l&#8217;Hospital Val d\u2019Aran. En el pressupost tamb\u00e9 s\u2019inclou una partida de 22.000\u20ac per les ajudes als esportistes estudiants de la Val d\u2019Aran.<\/p>\n<p>En paraules del vicesindic d\u2019Aran i conselh\u00e8r d\u2019Esports, <strong>Lu\u00eds Carlos Medina \u201cl&#8217;objecte d\u2019aquestes bases \u00e9s regular la concessi\u00f3 d\u2019ajudes i subvencions econ\u00f2miques que entrega el Conselh Generau d\u2019Aran als joves esportistes de l\u2019Aran que tinguin projecci\u00f3 cap a l&#8217;alt nivell esportiu, i t\u00e9 com objectiu motivar la continu\u00eftat de la seva carrera esportiva alhora que estudien per tal d\u2019aconseguir en un futur la categoria d\u2019esportistes d&#8217;alt nivell\u201d.<\/strong><\/p>\n<p>En s\u00f3n beneficiaris els joves aranesos que estudien ensenyaments obligatoris (ESO) o post obligatoris (Cicles Formatius o Estudis Universitaris), entre els 14 i 22 anys, i siguin esportistes en actiu.<\/p>\n<p>L&#8217;import de l&#8217;ajuda individual dependr\u00e0 del tipus de beca aconseguida segons els punts de les taules de barem exposades en les bases que publicar\u00e0 el Conselh Generau d\u2019Aran durant el mes de maig\/juny.<\/p>\n<p><strong>&#8211; Beca A 1.500,00 euros<\/strong><br \/>\n<strong> &#8211; Beca B 750,00 euros<\/strong><\/p>\n<p>Hi haur\u00e0 una Comissi\u00f3 T\u00e8cnica de Valoraci\u00f3 que tindr\u00e0 com objectiu valorar totes les peticions i far\u00e0 la proposta d\u2019entrega de les ajudes. Aix\u00ed mateix, ser\u00e0 l&#8217;encarregat de fer el seguiment de les ajudes entregades.<\/p>\n<p><strong>Medina<\/strong> ha afegit <strong>\u201cel Conselh Generau d\u2019Aran, una vegada es publiquin les bases en el mes maig\/juny, donar\u00e0 informaci\u00f3, facilitar\u00e0 les bases i els formularis de la present convocat\u00f2ria a qualsevol persona que estigui interessada en l&#8217;ajuda\u201d.<\/strong><\/p>\n ","protected":false},"excerpt":{"rendered":"<p>\u2022 Eth Gov\u00e8rn aran\u00e8s inclou 22.000\u20ac per les ajudes als esportistes estudiants de la Val d\u2019Aran per l\u2019any 2015. El Ple del Conselh Generau d\u2019Aran va aprovar per 7 vots a favor de CDA i l&#8217;abstenci\u00f3 d\u2019UA-PSC i del PRAG els pressupostos per l&#8217;any 2015 que ascendeixen a 27 milions d\u2019euros i que inclouen una&#8230;<\/p>\n","protected":false},"author":2,"featured_media":7162,"comment_status":"closed","ping_status":"closed","sticky":false,"template":"","format":"standard","meta":{"footnotes":""},"categories":[31,53,33,36],"tags":[],"_links":{"self":[{"href":"https:\/\/www.conselharan.org\/ca\/wp-json\/wp\/v2\/posts\/7164"}],"collection":[{"href":"https:\/\/www.conselharan.org\/ca\/wp-json\/wp\/v2\/posts"}],"about":[{"href":"https:\/\/www.conselharan.org\/ca\/wp-json\/wp\/v2\/types\/post"}],"author":[{"embeddable":true,"href":"https:\/\/www.conselharan.org\/ca\/wp-json\/wp\/v2\/users\/2"}],"replies":[{"embeddable":true,"href":"https:\/\/www.conselharan.org\/ca\/wp-json\/wp\/v2\/comments?post=7164"}],"version-history":[{"count":1,"href":"https:\/\/www.conselharan.org\/ca\/wp-json\/wp\/v2\/posts\/7164\/revisions"}],"predecessor-version":[{"id":7165,"href":"https:\/\/www.conselharan.org\/ca\/wp-json\/wp\/v2\/posts\/7164\/revisions\/7165"}],"wp:featuredmedia":[{"embeddable":true,"href":"https:\/\/www.conselharan.org\/ca\/wp-json\/wp\/v2\/media\/7162"}],"wp:attachment":[{"href":"https:\/\/www.conselharan.org\/ca\/wp-json\/wp\/v2\/media?parent=7164"}],"wp:term":[{"taxonomy":"category","embeddable":true,"href":"https:\/\/www.conselharan.org\/ca\/wp-json\/wp\/v2\/categories?post=7164"},{"taxonomy":"post_tag","embeddable":true,"href":"https:\/\/www.conselharan.org\/ca\/wp-json\/wp\/v2\/tags?post=7164"}],"curies":[{"name":"wp","href":"https:\/\/api.w.org\/{rel}","templated":true}]}}