{"id":7314,"date":"2015-05-13T09:44:58","date_gmt":"2015-05-13T07:44:58","guid":{"rendered":"http:\/\/www.conselharan.org\/?p=7314"},"modified":"2015-05-13T09:44:58","modified_gmt":"2015-05-13T07:44:58","slug":"la-federacio-catalana-desports-dhivern-atorgara-el-iii-premi-col%e2%80%a2laborador-i-esport-pitu-figueras-2015-a-lassociacion-de-volentaris-val-daran","status":"publish","type":"post","link":"https:\/\/www.conselharan.org\/ca\/la-federacio-catalana-desports-dhivern-atorgara-el-iii-premi-col%e2%80%a2laborador-i-esport-pitu-figueras-2015-a-lassociacion-de-volentaris-val-daran\/","title":{"rendered":"La Federaci\u00f3 Catalana d\u2019Esports d\u2019Hivern atorgar\u00e0 el III Premi Col\u2022laborador i Esport Pitu Figueras 2015 a l\u2019Associacion de Volentaris Val d&#8217;Aran"},"content":{"rendered":"<p><strong>\u2022 El III Premi Col\u2022laborador i Esport Pitu Figueras 2015, \u00e9s un reconeixement als valors de l\u2019esport.<\/strong><\/p>\n<p><strong>\u2022 La FCEH lliurar\u00e0 el guard\u00f3 a l&#8217;Associacion de Volentaris Val d&#8217;Aran el 3 de juny al Museu Ol\u00edmpic durant l\u2019acte de premis de la temporada 2014-15 i de l\u2019esport Joan Antoni Samaranch.<\/strong><\/p>\n<p><strong>\u2022 Tamb\u00e9 es far\u00e0 un reconeixement al Club d\u2019Esqu\u00ed Val d\u2019Aran (CEVA), que aquest any celebra el seu 50\u00e8 aniversari.<\/strong><\/p>\n<p><strong>\u2022 El Club Aran\u00e9s d\u2019Esp\u00f2rts d\u2019Iu\u00e8rn (CAEI) rebr\u00e0 el premi com a 1r classificat de la Lliga Infantils en esqu\u00ed alp\u00ed.<\/strong><\/p>\n<p><a href=\"http:\/\/www.conselharan.org\/wp-content\/uploads\/2015\/05\/vicesindic-dAran_luis-Carlos-Medina_Volentaris-dAran_fototur.jpg\"><img loading=\"lazy\" decoding=\"async\" class=\"aligncenter size-large wp-image-7312\" src=\"http:\/\/www.conselharan.org\/wp-content\/uploads\/2015\/05\/vicesindic-dAran_luis-Carlos-Medina_Volentaris-dAran_fototur-1024x683.jpg\" alt=\"vicesindic dAran_luis Carlos Medina_Volentaris dAran_fototur\" width=\"1024\" height=\"683\" srcset=\"https:\/\/www.conselharan.org\/wp-content\/uploads\/2015\/05\/vicesindic-dAran_luis-Carlos-Medina_Volentaris-dAran_fototur-1024x683.jpg 1024w, https:\/\/www.conselharan.org\/wp-content\/uploads\/2015\/05\/vicesindic-dAran_luis-Carlos-Medina_Volentaris-dAran_fototur-300x200.jpg 300w\" sizes=\"(max-width: 1024px) 100vw, 1024px\" \/><\/a><\/p>\n<p><em>Volentaris d&#8217;Aran amb el vicesindic d&#8217;Aran i conselh\u00e8r d&#8217;Esports, Lu\u00eds Carlos Medina, al finalitzar la Marxa Beret d&#8217;enguany.<\/em><\/p>\n<p>&nbsp;<\/p>\n<p>La Federaci\u00f3 Catalana d\u2019Esports d\u2019Hivern (FCEH) celebrar\u00e0 el dia 3 de juny l\u2019acte de Lliurament de premis de la temporada 2014-15 que tindr\u00e0 lloc al Museu Ol\u00edmpic i de l&#8217;Esport Joan Antoni Samaranch de Barcelona. Durant la celebraci\u00f3 es transmetr\u00e0 la felicitaci\u00f3 i agra\u00efment als clubs d\u2019esports d\u2019hivern catalans i als seus esportistes que any rere any fan possible la consecuci\u00f3 de tot el calendari de la FCEH, gr\u00e0cies a la seva implicaci\u00f3 en la organitzaci\u00f3 de les competicions celebrades a casa nostra. A m\u00e9s, es far\u00e0 un reconeixement a la traject\u00f2ria del <strong>Club D&#8217;Esqu\u00ed Val d&#8217;Aran (CEVA<\/strong>), que aquest any celebra el seu 50\u00e8 aniversari. Durant l\u2019acte es premiar\u00e0 als clubs que han obtingut els millors resultats en les Lligues Catalanes de les diferents modalitats dels esports d\u2019hivern, entre els quals hi ha el <strong>Club Aran\u00e9s d\u2019Esp\u00f2rts d\u2019Iu\u00e8rn (CAEI)<\/strong> &#8211; 1r classificat de la Lliga Infantils.<\/p>\n<p><strong> III Premi Col\u2022laborador i Esport Pitu Figueras 2015 \u2013 Associacion de Volentaris Val d&#8217;Aran<\/strong><\/p>\n<p>Aquesta temporada el reconeixement als valors de l\u2019esport ser\u00e0 per l\u2019Associacion de Volentaris Val d&#8217;Aran, que ser\u00e0 guardonada al Museu Ol\u00edmpic i de l&#8217;Esport amb el III Premi Col\u2022laborador i Esport Pitu Figueras 2015, una iniciativa de la Junta Directiva de la FCEH amb l&#8217;objectiu de fer visible el paper dels col\u2022laboradors i voluntaris en els esports d\u2019hivern. Els membres del jurat que formen la Comissi\u00f3 d\u2019aquest premi han decidit recon\u00e8ixer a tot l&#8217;equip de m\u00e9s de 120 voluntaris la seva desinteressada dedicaci\u00f3 envers el m\u00f3n de la competici\u00f3 d\u2019esports d\u2019hivern, les tasques de voluntariat de tot tipus que duen a terme, les seves dots organitzatives, el seu esperit col\u2022laboratiu i la seva capacitat per reunir i motivar un gran equip hum\u00e0 tant a nivell esportiu, com social i hum\u00e0. El premi ser\u00e0 una escultura singular creada pel gendre del Dr. Figueras, I\u00f1aki Castillo, al\u2022leg\u00f2rica als valors d&#8217;altruisme i de treball desinteressat per l&#8217;esport, d&#8217;acord amb l\u2019esperit que el Dr. Josep M\u00aaFigueras va practicar durant tota la seva vida.<\/p>\n<p><strong>Qui s\u00f3n els Volentaris Val d&#8217;Aran?<\/strong><\/p>\n<p>L\u2019Associacion de Volentaris Val d\u2019Aran va n\u00e9ixer l\u2019any 2006 a iniciativa del Departament de Joenessa del Conselh Generau d\u2019Aran per poder donar cobertura a les necessitats sorgides arrel de la celebraci\u00f3 d\u2019una etapa del Tour de Fran\u00e7a a la Val d\u2019Aran. A partir de llavors, aquesta Associaci\u00f3 ha continuat fent tasques de voluntariat de tot tipus, tant a nivell social, com hum\u00e0, com esportiu&#8230; etc. En l\u2019actualitat s\u00f3n m\u00e9s de 120 voluntaris i volunt\u00e0ries que participen i col\u2022laboren de manera totalment altruista en les moltes accions per les que se\u2019ls requereixen. L\u2019apartat en el que m\u00e9s incid\u00e8ncia tenen \u00e9s en l\u2019esportiu, sobretot en la temporada d\u2019hivern al llarg de la qual participen i col\u2022laboren en la majoria de les proves esportives que es fan: Marxa Beret, Campionats d\u2019Espanya de M\u00faixing, Campionats Audi Quattro Cup, Marxa Popular Raquetes en Parros, Campionats d\u2019esqu\u00ed alp\u00ed gegant, supergegant i esl\u00e0lom de totes les categories, etc.<\/p>\n<p>El vicesindic d\u2019Aran i conselh\u00e8r d\u2019Esports, <strong>Lu\u00eds Carlos Medina<\/strong> ha manifestat <strong>\u201caquest premi patentitza la gran tasca d\u2019aquest col\u2022lectiu en l\u2019organitzaci\u00f3 d\u2019esdeveniments i reconeix el treball altruista dels seus membres. L\u2019Associaci\u00f3 Volentaris d\u2019Aran ha demostrat una gran professionalitat aquests \u00faltims anys i aix\u00ed s\u2019ha vist en esdeveniments esportius com la \u201cCorsa des 15 p\u00f2bles\u201d (organitzada integrament per ells), la Marxa Beret, Pedals de Foc Non Stop o la Val d\u2019Aran Cycling Tour. \u00c9s un col\u2022lectiu estimat i molt important per a la nostra societat. Enhorabona!\u201d<\/strong><\/p>\n ","protected":false},"excerpt":{"rendered":"<p>\u2022 El III Premi Col\u2022laborador i Esport Pitu Figueras 2015, \u00e9s un reconeixement als valors de l\u2019esport. \u2022 La FCEH lliurar\u00e0 el guard\u00f3 a l&#8217;Associacion de Volentaris Val d&#8217;Aran el 3 de juny al Museu Ol\u00edmpic durant l\u2019acte de premis de la temporada 2014-15 i de l\u2019esport Joan Antoni Samaranch. \u2022 Tamb\u00e9 es far\u00e0 un&#8230;<\/p>\n","protected":false},"author":2,"featured_media":7312,"comment_status":"closed","ping_status":"closed","sticky":false,"template":"","format":"standard","meta":{"footnotes":""},"categories":[31,33,36],"tags":[],"_links":{"self":[{"href":"https:\/\/www.conselharan.org\/ca\/wp-json\/wp\/v2\/posts\/7314"}],"collection":[{"href":"https:\/\/www.conselharan.org\/ca\/wp-json\/wp\/v2\/posts"}],"about":[{"href":"https:\/\/www.conselharan.org\/ca\/wp-json\/wp\/v2\/types\/post"}],"author":[{"embeddable":true,"href":"https:\/\/www.conselharan.org\/ca\/wp-json\/wp\/v2\/users\/2"}],"replies":[{"embeddable":true,"href":"https:\/\/www.conselharan.org\/ca\/wp-json\/wp\/v2\/comments?post=7314"}],"version-history":[{"count":1,"href":"https:\/\/www.conselharan.org\/ca\/wp-json\/wp\/v2\/posts\/7314\/revisions"}],"predecessor-version":[{"id":7323,"href":"https:\/\/www.conselharan.org\/ca\/wp-json\/wp\/v2\/posts\/7314\/revisions\/7323"}],"wp:featuredmedia":[{"embeddable":true,"href":"https:\/\/www.conselharan.org\/ca\/wp-json\/wp\/v2\/media\/7312"}],"wp:attachment":[{"href":"https:\/\/www.conselharan.org\/ca\/wp-json\/wp\/v2\/media?parent=7314"}],"wp:term":[{"taxonomy":"category","embeddable":true,"href":"https:\/\/www.conselharan.org\/ca\/wp-json\/wp\/v2\/categories?post=7314"},{"taxonomy":"post_tag","embeddable":true,"href":"https:\/\/www.conselharan.org\/ca\/wp-json\/wp\/v2\/tags?post=7314"}],"curies":[{"name":"wp","href":"https:\/\/api.w.org\/{rel}","templated":true}]}}