{"id":7372,"date":"2015-05-16T08:05:26","date_gmt":"2015-05-16T06:05:26","guid":{"rendered":"http:\/\/www.conselharan.org\/?p=7372"},"modified":"2015-05-15T16:15:31","modified_gmt":"2015-05-15T14:15:31","slug":"laranesa-del-cava-natacio-jana-ros-2a-en-la-primera-sortida-de-lequip-en-aigues-obertes","status":"publish","type":"post","link":"https:\/\/www.conselharan.org\/ca\/laranesa-del-cava-natacio-jana-ros-2a-en-la-primera-sortida-de-lequip-en-aigues-obertes\/","title":{"rendered":"L\u2019aranesa del CAVA Nataci\u00f3, Jana Ros, 2a en la primera sortida de l\u2019equip en Aig\u00fces Obertes"},"content":{"rendered":"<p><a href=\"http:\/\/www.conselharan.org\/wp-content\/uploads\/2015\/05\/CAVA_marnaton-maig-1.jpg\"><img loading=\"lazy\" decoding=\"async\" class=\"aligncenter size-full wp-image-7368\" src=\"http:\/\/www.conselharan.org\/wp-content\/uploads\/2015\/05\/CAVA_marnaton-maig-1.jpg\" alt=\"CAVA_marnaton maig (1)\" width=\"960\" height=\"642\" srcset=\"https:\/\/www.conselharan.org\/wp-content\/uploads\/2015\/05\/CAVA_marnaton-maig-1.jpg 960w, https:\/\/www.conselharan.org\/wp-content\/uploads\/2015\/05\/CAVA_marnaton-maig-1-300x201.jpg 300w\" sizes=\"(max-width: 960px) 100vw, 960px\" \/><\/a><\/p>\n<p>El passat cap de setmana, 12 nedadors del <strong>CAVA SWIM TEAM<\/strong> van participar en les seves primeres Travesses d&#8217;Aig\u00fces Obertes, on van poder celebrar el 2on lloc de Jana Ros i la trobada amb la Campiona del M\u00f3n Esther N\u00fa\u00f1ez .<\/p>\n<p><a href=\"http:\/\/www.conselharan.org\/wp-content\/uploads\/2015\/05\/CAVA_marnaton-maig-2.jpg\"><img loading=\"lazy\" decoding=\"async\" class=\"aligncenter size-full wp-image-7369\" src=\"http:\/\/www.conselharan.org\/wp-content\/uploads\/2015\/05\/CAVA_marnaton-maig-2.jpg\" alt=\"CAVA_marnaton maig (2)\" width=\"960\" height=\"637\" srcset=\"https:\/\/www.conselharan.org\/wp-content\/uploads\/2015\/05\/CAVA_marnaton-maig-2.jpg 960w, https:\/\/www.conselharan.org\/wp-content\/uploads\/2015\/05\/CAVA_marnaton-maig-2-300x199.jpg 300w\" sizes=\"(max-width: 960px) 100vw, 960px\" \/><\/a><\/p>\n<p>El dissabte 9 de maig, la platja de Sant Sebasti\u00e0 de Barcelona va acollir la Travessa Marnaton Kids on van participar els nedadors del <strong>Club Atletic Val d\u2019Aran (CAVA)<\/strong>: benjamins:<strong> Andrea Ros, Marc Ubeira i Maria Rodr\u00edguez,<\/strong> nedant un total de 100m; alevins: <strong>Ares Comas, Eric Fern\u00e1ndez, Helena Revelles, Jara Beso i V\u00edctor Fern\u00e1ndez<\/strong>, nedant 200m, i infantils: <strong>Aina Rojas i Jana Ro<\/strong>s, nedant 400m. Aquesta darrera nedadora, <strong>Jana Ros<\/strong>, va pujar al podi en finalitzar en 2a posici\u00f3.<\/p>\n<p><a href=\"http:\/\/www.conselharan.org\/wp-content\/uploads\/2015\/05\/CAVA_4x1000-Masnou.jpg\"><img loading=\"lazy\" decoding=\"async\" class=\"aligncenter size-large wp-image-7370\" src=\"http:\/\/www.conselharan.org\/wp-content\/uploads\/2015\/05\/CAVA_4x1000-Masnou-1024x765.jpg\" alt=\"CAVA_4x1000 Masnou\" width=\"1024\" height=\"765\" srcset=\"https:\/\/www.conselharan.org\/wp-content\/uploads\/2015\/05\/CAVA_4x1000-Masnou-1024x765.jpg 1024w, https:\/\/www.conselharan.org\/wp-content\/uploads\/2015\/05\/CAVA_4x1000-Masnou-300x224.jpg 300w, https:\/\/www.conselharan.org\/wp-content\/uploads\/2015\/05\/CAVA_4x1000-Masnou.jpg 1280w\" sizes=\"(max-width: 1024px) 100vw, 1024px\" \/><\/a><\/p>\n<p>El diumenge 10 de maig, a la platja Ocata d\u2019El Masnou, els nedadors del CAVA: <strong>Har\u00f2ld P\u00ed, Mireia Suesta, Montse Cuixart i N\u00faria Canudas<\/strong> van participar per equips en la Travessa Sailfih 4&#215;1000, nedant cada membre de l&#8217;equip 1000m.<\/p>\n ","protected":false},"excerpt":{"rendered":"<p>El passat cap de setmana, 12 nedadors del CAVA SWIM TEAM van participar en les seves primeres Travesses d&#8217;Aig\u00fces Obertes, on van poder celebrar el 2on lloc de Jana Ros i la trobada amb la Campiona del M\u00f3n Esther N\u00fa\u00f1ez . El dissabte 9 de maig, la platja de Sant Sebasti\u00e0 de Barcelona va acollir&#8230;<\/p>\n","protected":false},"author":2,"featured_media":7369,"comment_status":"closed","ping_status":"closed","sticky":false,"template":"","format":"standard","meta":{"footnotes":""},"categories":[31,33,36],"tags":[],"_links":{"self":[{"href":"https:\/\/www.conselharan.org\/ca\/wp-json\/wp\/v2\/posts\/7372"}],"collection":[{"href":"https:\/\/www.conselharan.org\/ca\/wp-json\/wp\/v2\/posts"}],"about":[{"href":"https:\/\/www.conselharan.org\/ca\/wp-json\/wp\/v2\/types\/post"}],"author":[{"embeddable":true,"href":"https:\/\/www.conselharan.org\/ca\/wp-json\/wp\/v2\/users\/2"}],"replies":[{"embeddable":true,"href":"https:\/\/www.conselharan.org\/ca\/wp-json\/wp\/v2\/comments?post=7372"}],"version-history":[{"count":1,"href":"https:\/\/www.conselharan.org\/ca\/wp-json\/wp\/v2\/posts\/7372\/revisions"}],"predecessor-version":[{"id":7373,"href":"https:\/\/www.conselharan.org\/ca\/wp-json\/wp\/v2\/posts\/7372\/revisions\/7373"}],"wp:featuredmedia":[{"embeddable":true,"href":"https:\/\/www.conselharan.org\/ca\/wp-json\/wp\/v2\/media\/7369"}],"wp:attachment":[{"href":"https:\/\/www.conselharan.org\/ca\/wp-json\/wp\/v2\/media?parent=7372"}],"wp:term":[{"taxonomy":"category","embeddable":true,"href":"https:\/\/www.conselharan.org\/ca\/wp-json\/wp\/v2\/categories?post=7372"},{"taxonomy":"post_tag","embeddable":true,"href":"https:\/\/www.conselharan.org\/ca\/wp-json\/wp\/v2\/tags?post=7372"}],"curies":[{"name":"wp","href":"https:\/\/api.w.org\/{rel}","templated":true}]}}