{"id":7428,"date":"2015-05-29T10:00:29","date_gmt":"2015-05-29T08:00:29","guid":{"rendered":"http:\/\/www.conselharan.org\/?p=7428"},"modified":"2015-06-01T11:20:18","modified_gmt":"2015-06-01T09:20:18","slug":"jornades-participatives-sobre-els-ajuts-leader","status":"publish","type":"post","link":"https:\/\/www.conselharan.org\/ca\/jornades-participatives-sobre-els-ajuts-leader\/","title":{"rendered":"Jornades participatives sobre els ajuts LEADER"},"content":{"rendered":"<p><a href=\"http:\/\/www.conselharan.org\/wp-content\/uploads\/2015\/06\/Taules-sectorials-Val-dAran.jpg\"><img loading=\"lazy\" decoding=\"async\" class=\"aligncenter size-full wp-image-7426\" src=\"http:\/\/www.conselharan.org\/wp-content\/uploads\/2015\/06\/Taules-sectorials-Val-dAran.jpg\" alt=\"Taules sectorials Val d'Aran\" width=\"640\" height=\"434\" srcset=\"https:\/\/www.conselharan.org\/wp-content\/uploads\/2015\/06\/Taules-sectorials-Val-dAran.jpg 640w, https:\/\/www.conselharan.org\/wp-content\/uploads\/2015\/06\/Taules-sectorials-Val-dAran-300x203.jpg 300w\" sizes=\"(max-width: 640px) 100vw, 640px\" \/><\/a><\/p>\n<p>La Val d\u2019Aran ha entrat a formar part del territori LEADER dins del marc del Programa de Desenvolupament Rural (PDR) de Catalunya 2014-2020. El programa Leader s\u00f3n ajudes europees amb l&#8217;objectiu de fomentar el desenvolupament local de les zones rurals, ajuts destinats majorit\u00e0riament a empresaris i emprenedors del territori.<\/p>\n<p>La Val d\u2019Aran s\u2019ha adherit al Grup d\u2019Acci\u00f3 Local Consorci Leader Pirineu Occidental que \u00e9s l&#8217;\u00f2rgan gestor de les ajudes Leader al Pallars Juss\u00e0, Pallars Sobir\u00e0, Alta Ribagor\u00e7a i enguany tamb\u00e9 a l\u2019Aran.<\/p>\n<p>La metodologia Leader \u00e9s una metodologia ascendent, on les decisions es prenen des de cada territori. Ara mateix es treballa en la nova Estrat\u00e8gia de Desenvolupament Local (EDL) i el corresponent proc\u00e9s participatiu que marcar\u00e0 els eixos principals en qu\u00e8 es basar\u00e0 la pr\u00f2pia estrat\u00e8gia del Grup Leader pels propers 6 anys. Per aquest motiu us convidem a participar en la jornada del d<strong>ia 2 de juny en el Conselh Generau d\u2019Aran<\/strong> (Passeig de la Llibertat, 16. Vielha) <strong>en horari de 10h00 a 13h30<\/strong>.<\/p>\n<p>Per una altra banda, el <strong>dia 4 de juny a les 12h00 al Conselh Generau d\u2019Aran<\/strong>, es realitzar\u00e0 la jornada destinada als joves i a les dones, els sectors de les zones rurals de m\u00e9s inter\u00e8s segons la Uni\u00f3 Europea.<\/p>\n<p>Ambdues jornades s\u00f3n de lliure acc\u00e9s, m\u00e9s us agrair\u00edem la vostra confirmaci\u00f3 per una millor organitzaci\u00f3: <strong>Conselh Generau d\u2019Aran, tel. 973 64 18 01 (Cristina Madruga).<\/strong><\/p>\n<p>Aquelles persones que vulguin donar la seva opini\u00f3 i no podran assistir a les jornades, poden respondre la seg\u00fcent enquesta:<\/p>\n<p><a href=\"http:\/\/www.leaderpirineuoccidental.cat\/enquesta-proces-participatiu-estrategies-de-desenvolupament-local-2014-2020\/\" target=\"_blank\"><strong>http:\/\/www.leaderpirineuoccidental.cat\/enquesta-proces-participatiu-estrategies-de-desenvolupament-local-2014-2020\/<\/strong><\/a><\/p>\n ","protected":false},"excerpt":{"rendered":"<p>La Val d\u2019Aran ha entrat a formar part del territori LEADER dins del marc del Programa de Desenvolupament Rural (PDR) de Catalunya 2014-2020. El programa Leader s\u00f3n ajudes europees amb l&#8217;objectiu de fomentar el desenvolupament local de les zones rurals, ajuts destinats majorit\u00e0riament a empresaris i emprenedors del territori. La Val d\u2019Aran s\u2019ha adherit al&#8230;<\/p>\n","protected":false},"author":2,"featured_media":7426,"comment_status":"closed","ping_status":"closed","sticky":false,"template":"","format":"standard","meta":{"footnotes":""},"categories":[31,33,36],"tags":[],"_links":{"self":[{"href":"https:\/\/www.conselharan.org\/ca\/wp-json\/wp\/v2\/posts\/7428"}],"collection":[{"href":"https:\/\/www.conselharan.org\/ca\/wp-json\/wp\/v2\/posts"}],"about":[{"href":"https:\/\/www.conselharan.org\/ca\/wp-json\/wp\/v2\/types\/post"}],"author":[{"embeddable":true,"href":"https:\/\/www.conselharan.org\/ca\/wp-json\/wp\/v2\/users\/2"}],"replies":[{"embeddable":true,"href":"https:\/\/www.conselharan.org\/ca\/wp-json\/wp\/v2\/comments?post=7428"}],"version-history":[{"count":1,"href":"https:\/\/www.conselharan.org\/ca\/wp-json\/wp\/v2\/posts\/7428\/revisions"}],"predecessor-version":[{"id":7429,"href":"https:\/\/www.conselharan.org\/ca\/wp-json\/wp\/v2\/posts\/7428\/revisions\/7429"}],"wp:featuredmedia":[{"embeddable":true,"href":"https:\/\/www.conselharan.org\/ca\/wp-json\/wp\/v2\/media\/7426"}],"wp:attachment":[{"href":"https:\/\/www.conselharan.org\/ca\/wp-json\/wp\/v2\/media?parent=7428"}],"wp:term":[{"taxonomy":"category","embeddable":true,"href":"https:\/\/www.conselharan.org\/ca\/wp-json\/wp\/v2\/categories?post=7428"},{"taxonomy":"post_tag","embeddable":true,"href":"https:\/\/www.conselharan.org\/ca\/wp-json\/wp\/v2\/tags?post=7428"}],"curies":[{"name":"wp","href":"https:\/\/api.w.org\/{rel}","templated":true}]}}