{"id":7519,"date":"2015-06-10T15:09:39","date_gmt":"2015-06-10T13:09:39","guid":{"rendered":"http:\/\/www.conselharan.org\/?p=7519"},"modified":"2015-06-10T15:09:39","modified_gmt":"2015-06-10T13:09:39","slug":"actes-de-la-hesta-daran-2015","status":"publish","type":"post","link":"https:\/\/www.conselharan.org\/ca\/actes-de-la-hesta-daran-2015\/","title":{"rendered":"Actes H\u00e8sta d\u2019Aran 2015"},"content":{"rendered":"<p>\u2022 <strong>L&#8217;acte de constituci\u00f3 del nou Conselh Generau d\u2019Aran tindr\u00e0 lloc el dilluns, dia 15 de juny, a la Casa del Senyor d\u2019Arr\u00f2s, seu institucional del Conselh Generau d\u2019Aran, a les 12:00 hores.<\/strong><\/p>\n<p><a href=\"http:\/\/www.conselharan.org\/wp-content\/uploads\/2015\/06\/H\u00c8STA-2015.jpg\"><img loading=\"lazy\" decoding=\"async\" class=\"aligncenter size-large wp-image-7517\" src=\"http:\/\/www.conselharan.org\/wp-content\/uploads\/2015\/06\/H\u00c8STA-2015-1024x982.jpg\" alt=\"H\u00c8STA 2015\" width=\"1024\" height=\"982\" srcset=\"https:\/\/www.conselharan.org\/wp-content\/uploads\/2015\/06\/H\u00c8STA-2015-1024x982.jpg 1024w, https:\/\/www.conselharan.org\/wp-content\/uploads\/2015\/06\/H\u00c8STA-2015-300x288.jpg 300w\" sizes=\"(max-width: 1024px) 100vw, 1024px\" \/><\/a><\/p>\n<p>&nbsp;<\/p>\n<p>Aquest dissabte, <strong>dia 13 de juny, pels 19:00 hores,<\/strong> Era Audiovisuau de Vielha acollir\u00e0 l&#8217;acte d\u2019entrega dels premis dels concursos literaris <strong>25\u00e8 Mn. Cond\u00f2 Sambeat i 15\u00e8 Aran de Literatura, del 8\u00e8 Concurs de Dibuix a l&#8217;Escola, 3\u00e8 Concurs de C\u00f2mic i del 8\u00e8 Festival de Teatre a l&#8217;Escola,<\/strong> l&#8217;acte ser\u00e0 presidit pel sindic d\u2019Aran, <strong>Carlos Barrera.<\/strong><\/p>\n<p>El dimecres, <strong>dia 17 de juny, se celebrar\u00e0 la H\u00e8sta d\u2019Aran<\/strong>:<\/p>\n<p>&#8211; 10:00 hores. Recepci\u00f3 del sindic d\u2019Aran, Carlos Barrera, a totes les autoritats i convidats en la seu del Conselh Generau d\u2019Aran (Vielha).<\/p>\n<p>&#8211; 10:30 hores. Desfilada de pendons duts pels representants de cada ter\u00e7on fins al santuari de Nostra Senyora de Mijaran.<\/p>\n<p>&#8211; 11:00 hores. Missa solemne celebrada en el Santuari de Nostra Senyora de Mijaran.<\/p>\n<p>&#8211; 12:00 hores. Acte institucional de la H\u00e8sta d\u2019Aran. Lloc: Ro\u00efnes de l&#8217;antic Santuari de Mijaran.<\/p>\n<p>Hissada de bandera<br \/>\nParlaments d\u2019autoritats<br \/>\nDanses araneses<\/p>\n<p>Tot seguit se servir\u00e0 un refrigeri per tots els assistents.<\/p>\n ","protected":false},"excerpt":{"rendered":"<p>\u2022 L&#8217;acte de constituci\u00f3 del nou Conselh Generau d\u2019Aran tindr\u00e0 lloc el dilluns, dia 15 de juny, a la Casa del Senyor d\u2019Arr\u00f2s, seu institucional del Conselh Generau d\u2019Aran, a les 12:00 hores. &nbsp; Aquest dissabte, dia 13 de juny, pels 19:00 hores, Era Audiovisuau de Vielha acollir\u00e0 l&#8217;acte d\u2019entrega dels premis dels concursos literaris&#8230;<\/p>\n","protected":false},"author":2,"featured_media":7517,"comment_status":"closed","ping_status":"closed","sticky":false,"template":"","format":"standard","meta":{"footnotes":""},"categories":[31,53,33,36],"tags":[],"_links":{"self":[{"href":"https:\/\/www.conselharan.org\/ca\/wp-json\/wp\/v2\/posts\/7519"}],"collection":[{"href":"https:\/\/www.conselharan.org\/ca\/wp-json\/wp\/v2\/posts"}],"about":[{"href":"https:\/\/www.conselharan.org\/ca\/wp-json\/wp\/v2\/types\/post"}],"author":[{"embeddable":true,"href":"https:\/\/www.conselharan.org\/ca\/wp-json\/wp\/v2\/users\/2"}],"replies":[{"embeddable":true,"href":"https:\/\/www.conselharan.org\/ca\/wp-json\/wp\/v2\/comments?post=7519"}],"version-history":[{"count":1,"href":"https:\/\/www.conselharan.org\/ca\/wp-json\/wp\/v2\/posts\/7519\/revisions"}],"predecessor-version":[{"id":7520,"href":"https:\/\/www.conselharan.org\/ca\/wp-json\/wp\/v2\/posts\/7519\/revisions\/7520"}],"wp:featuredmedia":[{"embeddable":true,"href":"https:\/\/www.conselharan.org\/ca\/wp-json\/wp\/v2\/media\/7517"}],"wp:attachment":[{"href":"https:\/\/www.conselharan.org\/ca\/wp-json\/wp\/v2\/media?parent=7519"}],"wp:term":[{"taxonomy":"category","embeddable":true,"href":"https:\/\/www.conselharan.org\/ca\/wp-json\/wp\/v2\/categories?post=7519"},{"taxonomy":"post_tag","embeddable":true,"href":"https:\/\/www.conselharan.org\/ca\/wp-json\/wp\/v2\/tags?post=7519"}],"curies":[{"name":"wp","href":"https:\/\/api.w.org\/{rel}","templated":true}]}}