{"id":7619,"date":"2015-06-25T08:00:04","date_gmt":"2015-06-25T06:00:04","guid":{"rendered":"http:\/\/www.conselharan.org\/?p=7619"},"modified":"2015-06-23T15:41:53","modified_gmt":"2015-06-23T13:41:53","slug":"lescola-de-tecnics-esportius-val-daran-entrega-els-diplomes-dels-cursos-de-formacio-subvencionats-per-a-aturats","status":"publish","type":"post","link":"https:\/\/www.conselharan.org\/ca\/lescola-de-tecnics-esportius-val-daran-entrega-els-diplomes-dels-cursos-de-formacio-subvencionats-per-a-aturats\/","title":{"rendered":"L\u2019Escola de T\u00e8cnics Esportius Val d\u2019Aran entrega els diplomes dels cursos de formaci\u00f3 subvencionats per a aturats"},"content":{"rendered":"<p><a href=\"http:\/\/www.conselharan.org\/wp-content\/uploads\/2015\/06\/DIPL\u00d2MES_ETEVA.jpg\"><img loading=\"lazy\" decoding=\"async\" class=\"aligncenter size-large wp-image-7617\" src=\"http:\/\/www.conselharan.org\/wp-content\/uploads\/2015\/06\/DIPL\u00d2MES_ETEVA-1024x768.jpg\" alt=\"DIPL\u00d2MES_ETEVA\" width=\"1024\" height=\"768\" srcset=\"https:\/\/www.conselharan.org\/wp-content\/uploads\/2015\/06\/DIPL\u00d2MES_ETEVA-1024x768.jpg 1024w, https:\/\/www.conselharan.org\/wp-content\/uploads\/2015\/06\/DIPL\u00d2MES_ETEVA-300x225.jpg 300w\" sizes=\"(max-width: 1024px) 100vw, 1024px\" \/><\/a><\/p>\n<p>L\u2019Escola de T\u00e8cnics Esportius Val d\u2019Aran (ETEVA) va entregar dels diplomes corresponents a la formaci\u00f3 dels cursos subvencionats per a aturats, on van participar m\u00e9s de 60 persones de la Val d\u2019Aran i de l\u2019Alta Ribagor\u00e7a.<\/p>\n<p>Els alumnes van realitzar formaci\u00f3 en alguna de les quatre especialitats dels certificats de professionalitat que s\u2019oferien:<\/p>\n<p>&#8211; Atenci\u00f3 sociosanit\u00e0ria a persones a domicili.<br \/>\n&#8211; Promoci\u00f3 tur\u00edstica local i informaci\u00f3 al visitant.<br \/>\n&#8211; Dinamitzaci\u00f3 d\u2019activitats en el lleure educatiu.<br \/>\n&#8211; Socorrisme en instal\u2022lacions aqu\u00e0tiques.<\/p>\n<p>El certificat de professionalitat \u00e9s un document oficial que acredita a qui l\u2019obt\u00e9 que \u00e9s competent professionalment per a desenvolupar una activitat laboral d\u2019acord amb les exig\u00e8ncies de la producci\u00f3 i l\u2019ocupaci\u00f3. \u00c9s a dir, que t\u00e9 els coneixements i habilitats per desenvolupar-la, de forma correcta i d\u2019acord amb les exig\u00e8ncies del mercat.<\/p>\n<p>Els cursos, organitzats per l\u2019ETEVA (escola vinculada al Conselh Generau d\u2019Aran), van ser subvencionats pel Fons Europeu, el Ministerio de Trabajo i el Servei d\u2019Ocupaci\u00f3 de Catalunya.<\/p>\n<p>A l\u2019acte \u00e9s va destacar la capacitat d\u2019esfor\u00e7 de les persones que van participar en els cursos, i la satisfacci\u00f3 per la consecuci\u00f3 dels objectius, donat que algunes d\u2019elles han aconseguit inserir-se en el sector laboral en que es van formar, i crear noves iniciatives empresarials a les comarques.<\/p>\n ","protected":false},"excerpt":{"rendered":"<p>L\u2019Escola de T\u00e8cnics Esportius Val d\u2019Aran (ETEVA) va entregar dels diplomes corresponents a la formaci\u00f3 dels cursos subvencionats per a aturats, on van participar m\u00e9s de 60 persones de la Val d\u2019Aran i de l\u2019Alta Ribagor\u00e7a. Els alumnes van realitzar formaci\u00f3 en alguna de les quatre especialitats dels certificats de professionalitat que s\u2019oferien: &#8211; Atenci\u00f3&#8230;<\/p>\n","protected":false},"author":2,"featured_media":7617,"comment_status":"closed","ping_status":"closed","sticky":false,"template":"","format":"standard","meta":{"footnotes":""},"categories":[31,33,36],"tags":[],"_links":{"self":[{"href":"https:\/\/www.conselharan.org\/ca\/wp-json\/wp\/v2\/posts\/7619"}],"collection":[{"href":"https:\/\/www.conselharan.org\/ca\/wp-json\/wp\/v2\/posts"}],"about":[{"href":"https:\/\/www.conselharan.org\/ca\/wp-json\/wp\/v2\/types\/post"}],"author":[{"embeddable":true,"href":"https:\/\/www.conselharan.org\/ca\/wp-json\/wp\/v2\/users\/2"}],"replies":[{"embeddable":true,"href":"https:\/\/www.conselharan.org\/ca\/wp-json\/wp\/v2\/comments?post=7619"}],"version-history":[{"count":1,"href":"https:\/\/www.conselharan.org\/ca\/wp-json\/wp\/v2\/posts\/7619\/revisions"}],"predecessor-version":[{"id":7620,"href":"https:\/\/www.conselharan.org\/ca\/wp-json\/wp\/v2\/posts\/7619\/revisions\/7620"}],"wp:featuredmedia":[{"embeddable":true,"href":"https:\/\/www.conselharan.org\/ca\/wp-json\/wp\/v2\/media\/7617"}],"wp:attachment":[{"href":"https:\/\/www.conselharan.org\/ca\/wp-json\/wp\/v2\/media?parent=7619"}],"wp:term":[{"taxonomy":"category","embeddable":true,"href":"https:\/\/www.conselharan.org\/ca\/wp-json\/wp\/v2\/categories?post=7619"},{"taxonomy":"post_tag","embeddable":true,"href":"https:\/\/www.conselharan.org\/ca\/wp-json\/wp\/v2\/tags?post=7619"}],"curies":[{"name":"wp","href":"https:\/\/api.w.org\/{rel}","templated":true}]}}