{"id":7916,"date":"2015-08-10T12:08:04","date_gmt":"2015-08-10T10:08:04","guid":{"rendered":"http:\/\/www.conselharan.org\/ca\/?p=7916"},"modified":"2015-08-10T12:08:14","modified_gmt":"2015-08-10T10:08:14","slug":"neteja-dels-camins-forestals-de-la-val-daran","status":"publish","type":"post","link":"https:\/\/www.conselharan.org\/ca\/neteja-dels-camins-forestals-de-la-val-daran\/","title":{"rendered":"Neteja dels camins forestals de la Val d\u2019Aran"},"content":{"rendered":"<p>\u2022<strong> La mesura del Gov\u00e8rn aran\u00e8s ha anat adre\u00e7ada per garantir l&#8217;acc\u00e9s als paratges m\u00e9s emblem\u00e0tics de la Val d\u2019Aran<\/strong><\/p>\n<p><a href=\"http:\/\/www.conselharan.org\/wp-content\/uploads\/2015\/08\/limpiesa-2015.jpg\"><img loading=\"lazy\" decoding=\"async\" class=\"aligncenter size-large wp-image-7914\" src=\"http:\/\/www.conselharan.org\/wp-content\/uploads\/2015\/08\/limpiesa-2015-1024x768.jpg\" alt=\"limpiesa 2015\" width=\"1024\" height=\"768\" srcset=\"https:\/\/www.conselharan.org\/wp-content\/uploads\/2015\/08\/limpiesa-2015-1024x768.jpg 1024w, https:\/\/www.conselharan.org\/wp-content\/uploads\/2015\/08\/limpiesa-2015-300x225.jpg 300w, https:\/\/www.conselharan.org\/wp-content\/uploads\/2015\/08\/limpiesa-2015.jpg 1280w\" sizes=\"(max-width: 1024px) 100vw, 1024px\" \/><\/a><\/p>\n<p>El Conselh Generau d\u2019Aran, per mitj\u00e0 de la empresa Serveis Ambientals de la Val d\u2019Aran (SAVA, S.L.) ha desenvolupat un pla de neteja de camins forestals per les afectacions produ\u00efdes al llarg del passat hivern a la muntanya.<\/p>\n<p>Aquesta intervenci\u00f3 ha afectat a camins de tota la Val d&#8217;Aran (connexions entre pobles i rutes tur\u00edstiques pels dos costats,&#8230;) L&#8217;espai de l&#8217;actuaci\u00f3 ha estat de 1<strong>13.037,55 metres x 2 metres d&#8217;amplada i est\u00e0 valorada en 91.000 euros.<\/strong><\/p>\n<p>El conselh\u00e8r d\u2019Agricultura, Ramaderia i Medi Natural, <strong>Jose E. Arr\u00f3,<\/strong> ha explicat que <strong>\u201camb aquest pla de neteja dels camins forestals volem garantir l&#8217;acc\u00e9s de les persones als paratges m\u00e9s concorreguts del nostre pa\u00eds\u201d.<\/strong><\/p>\n<p>A aquestes neteges, cal afegir els treballs diaris a Varrad\u00f2s, Artiga de Lin, Liat, Vilam\u00f2s i Canejan que el Conselh Generau d\u2019Aran va realitzar del 16 al 24 de juliol arrel de les intenses pluges.<\/p>\n<p>El Gov\u00e8rn aran\u00e8s ha treballat en els camins amb retroexcavadores per la canalitzaci\u00f3 de l&#8217;aigua i l&#8217;extracci\u00f3 de material acumulat com rames i pedres. Els operaris han treballat en la neteja i desbrossament manual per tal de poder retirar restes produ\u00efts per la neu o el desgel.<\/p>\n ","protected":false},"excerpt":{"rendered":"<p>\u2022 La mesura del Gov\u00e8rn aran\u00e8s ha anat adre\u00e7ada per garantir l&#8217;acc\u00e9s als paratges m\u00e9s emblem\u00e0tics de la Val d\u2019Aran El Conselh Generau d\u2019Aran, per mitj\u00e0 de la empresa Serveis Ambientals de la Val d\u2019Aran (SAVA, S.L.) ha desenvolupat un pla de neteja de camins forestals per les afectacions produ\u00efdes al llarg del passat hivern&#8230;<\/p>\n","protected":false},"author":2,"featured_media":7914,"comment_status":"closed","ping_status":"closed","sticky":false,"template":"","format":"standard","meta":{"footnotes":""},"categories":[31,33,36],"tags":[],"_links":{"self":[{"href":"https:\/\/www.conselharan.org\/ca\/wp-json\/wp\/v2\/posts\/7916"}],"collection":[{"href":"https:\/\/www.conselharan.org\/ca\/wp-json\/wp\/v2\/posts"}],"about":[{"href":"https:\/\/www.conselharan.org\/ca\/wp-json\/wp\/v2\/types\/post"}],"author":[{"embeddable":true,"href":"https:\/\/www.conselharan.org\/ca\/wp-json\/wp\/v2\/users\/2"}],"replies":[{"embeddable":true,"href":"https:\/\/www.conselharan.org\/ca\/wp-json\/wp\/v2\/comments?post=7916"}],"version-history":[{"count":1,"href":"https:\/\/www.conselharan.org\/ca\/wp-json\/wp\/v2\/posts\/7916\/revisions"}],"predecessor-version":[{"id":7917,"href":"https:\/\/www.conselharan.org\/ca\/wp-json\/wp\/v2\/posts\/7916\/revisions\/7917"}],"wp:featuredmedia":[{"embeddable":true,"href":"https:\/\/www.conselharan.org\/ca\/wp-json\/wp\/v2\/media\/7914"}],"wp:attachment":[{"href":"https:\/\/www.conselharan.org\/ca\/wp-json\/wp\/v2\/media?parent=7916"}],"wp:term":[{"taxonomy":"category","embeddable":true,"href":"https:\/\/www.conselharan.org\/ca\/wp-json\/wp\/v2\/categories?post=7916"},{"taxonomy":"post_tag","embeddable":true,"href":"https:\/\/www.conselharan.org\/ca\/wp-json\/wp\/v2\/tags?post=7916"}],"curies":[{"name":"wp","href":"https:\/\/api.w.org\/{rel}","templated":true}]}}