{"id":7926,"date":"2015-08-10T12:14:20","date_gmt":"2015-08-10T10:14:20","guid":{"rendered":"http:\/\/www.conselharan.org\/ca\/?p=7926"},"modified":"2015-08-10T12:14:20","modified_gmt":"2015-08-10T10:14:20","slug":"el-govern-daran-rep-a-la-nova-junta-directiva-del-gremi-dhostaleria-de-la-val-daran","status":"publish","type":"post","link":"https:\/\/www.conselharan.org\/ca\/el-govern-daran-rep-a-la-nova-junta-directiva-del-gremi-dhostaleria-de-la-val-daran\/","title":{"rendered":"El Gov\u00e8rn d\u2019Aran rep a la nova Junta Directiva del Gremi d\u2019Hostaleria de la Val d\u2019Aran"},"content":{"rendered":"<p>\u2022 <strong>Durant la reuni\u00f3 s\u2019ha acordat la creaci\u00f3 d&#8217;una Comissi\u00f3 per treballar conjuntament Foment Torisme Val d\u2019Aran i el Gremi d&#8217;Hostaleria de la Val d\u2019Aran<\/strong><\/p>\n<p><a href=\"http:\/\/www.conselharan.org\/wp-content\/uploads\/2015\/08\/naua-junta-gremi.jpg\"><img loading=\"lazy\" decoding=\"async\" class=\"aligncenter size-large wp-image-7924\" src=\"http:\/\/www.conselharan.org\/wp-content\/uploads\/2015\/08\/naua-junta-gremi-1024x582.jpg\" alt=\"naua junta gremi\" width=\"1024\" height=\"582\" srcset=\"https:\/\/www.conselharan.org\/wp-content\/uploads\/2015\/08\/naua-junta-gremi-1024x582.jpg 1024w, https:\/\/www.conselharan.org\/wp-content\/uploads\/2015\/08\/naua-junta-gremi-300x171.jpg 300w\" sizes=\"(max-width: 1024px) 100vw, 1024px\" \/><\/a><\/p>\n<p>El sindic d\u2019Aran, <strong>Carlos Barrera<\/strong>, juntament amb la conselh\u00e8ra de Turisme i Desenvolupament Econ\u00f2mic d&#8217;Aran, <strong>Anna D\u00edaz<\/strong>, han rebut a la nova Junta Directiva del Gremi d&#8217;Hostaleria d&#8217;Aran, que va resultar de les passades eleccions del mes de juliol.<\/p>\n<p>El president de la nova Junta del Gremi, <strong>Ambr\u00f3s Barber\u00e0<\/strong>, ha comunicat al Gov\u00e8rn d&#8217;Aran la intenci\u00f3 de treballar conjuntament amb Foment Torisme Val d\u2019Aran.<\/p>\n<p>Durant la reuni\u00f3 ambdues entitats han acordat crear una Comissi\u00f3 amb membres de Foment Torisme Val d\u2019Aran i de la Junta del Gremi per treballar durant tot l&#8217;any.<\/p>\n<p>Aquest mateix mes d&#8217;agost est\u00e0 prevista la primera Comissi\u00f3 de treball.<\/p>\n ","protected":false},"excerpt":{"rendered":"<p>\u2022 Durant la reuni\u00f3 s\u2019ha acordat la creaci\u00f3 d&#8217;una Comissi\u00f3 per treballar conjuntament Foment Torisme Val d\u2019Aran i el Gremi d&#8217;Hostaleria de la Val d\u2019Aran El sindic d\u2019Aran, Carlos Barrera, juntament amb la conselh\u00e8ra de Turisme i Desenvolupament Econ\u00f2mic d&#8217;Aran, Anna D\u00edaz, han rebut a la nova Junta Directiva del Gremi d&#8217;Hostaleria d&#8217;Aran, que va&#8230;<\/p>\n","protected":false},"author":2,"featured_media":7924,"comment_status":"closed","ping_status":"closed","sticky":false,"template":"","format":"standard","meta":{"footnotes":""},"categories":[31,33,36],"tags":[],"_links":{"self":[{"href":"https:\/\/www.conselharan.org\/ca\/wp-json\/wp\/v2\/posts\/7926"}],"collection":[{"href":"https:\/\/www.conselharan.org\/ca\/wp-json\/wp\/v2\/posts"}],"about":[{"href":"https:\/\/www.conselharan.org\/ca\/wp-json\/wp\/v2\/types\/post"}],"author":[{"embeddable":true,"href":"https:\/\/www.conselharan.org\/ca\/wp-json\/wp\/v2\/users\/2"}],"replies":[{"embeddable":true,"href":"https:\/\/www.conselharan.org\/ca\/wp-json\/wp\/v2\/comments?post=7926"}],"version-history":[{"count":1,"href":"https:\/\/www.conselharan.org\/ca\/wp-json\/wp\/v2\/posts\/7926\/revisions"}],"predecessor-version":[{"id":7927,"href":"https:\/\/www.conselharan.org\/ca\/wp-json\/wp\/v2\/posts\/7926\/revisions\/7927"}],"wp:featuredmedia":[{"embeddable":true,"href":"https:\/\/www.conselharan.org\/ca\/wp-json\/wp\/v2\/media\/7924"}],"wp:attachment":[{"href":"https:\/\/www.conselharan.org\/ca\/wp-json\/wp\/v2\/media?parent=7926"}],"wp:term":[{"taxonomy":"category","embeddable":true,"href":"https:\/\/www.conselharan.org\/ca\/wp-json\/wp\/v2\/categories?post=7926"},{"taxonomy":"post_tag","embeddable":true,"href":"https:\/\/www.conselharan.org\/ca\/wp-json\/wp\/v2\/tags?post=7926"}],"curies":[{"name":"wp","href":"https:\/\/api.w.org\/{rel}","templated":true}]}}