{"id":7979,"date":"2015-08-12T11:31:05","date_gmt":"2015-08-12T09:31:05","guid":{"rendered":"http:\/\/www.conselharan.org\/ca\/?p=7979"},"modified":"2015-08-12T11:31:17","modified_gmt":"2015-08-12T09:31:17","slug":"el-conselh-generau-daran-organitza-una-nova-edicio-per-coneixer-els-micromamifers-de-la-val-daran","status":"publish","type":"post","link":"https:\/\/www.conselharan.org\/ca\/el-conselh-generau-daran-organitza-una-nova-edicio-per-coneixer-els-micromamifers-de-la-val-daran\/","title":{"rendered":"El Conselh Generau d\u2019Aran organitza una nova edici\u00f3 per con\u00e8ixer els Micromam\u00edfers de la Val d\u2019Aran"},"content":{"rendered":"<p>\u2022 <strong>Aquest divendres, 14 d\u2019agost, tindr\u00e0 lloc la \u201cNit dels ratolins de bosc\u201d i el dissabte, 15 d\u2019agost, es realitzar\u00e0 el \u201cTour del lir\u00f3 gris\u201d<\/strong><\/p>\n<p><a href=\"http:\/\/www.conselharan.org\/wp-content\/uploads\/2015\/08\/arrat-dromilh\u00e8r.jpg\"><img loading=\"lazy\" decoding=\"async\" class=\"aligncenter size-large wp-image-7976\" src=\"http:\/\/www.conselharan.org\/wp-content\/uploads\/2015\/08\/arrat-dromilh\u00e8r-1024x808.jpg\" alt=\"arrat dromilh\u00e8r\" width=\"1024\" height=\"808\" srcset=\"https:\/\/www.conselharan.org\/wp-content\/uploads\/2015\/08\/arrat-dromilh\u00e8r-1024x808.jpg 1024w, https:\/\/www.conselharan.org\/wp-content\/uploads\/2015\/08\/arrat-dromilh\u00e8r-300x237.jpg 300w, https:\/\/www.conselharan.org\/wp-content\/uploads\/2015\/08\/arrat-dromilh\u00e8r.jpg 1554w\" sizes=\"(max-width: 1024px) 100vw, 1024px\" \/><\/a><\/p>\n<p>El Conselh Generau d\u2019Aran, a trav\u00e9s del Departament d\u2019Agricultura, Ramaderia i Medi Natural, us convida un any m\u00e9s a tota la fam\u00edlia a passar un cap de setmana divertit buscant als petits mam\u00edfers que viuen amagats en els nostres boscos. Una activitat, per petits i grans, de descobriment i reconeixement de les esp\u00e8cies de micromam\u00edfers de la Val d\u2019Aran i d\u2019aprenentatge a trav\u00e9s de l&#8217;estudi cient\u00edfic d\u2019aquest grup de fauna.<\/p>\n<p>L&#8217;activitat es desenvolupar\u00e0 el <strong>divendres, 14 d\u2019agost, i el dissabte, 15 d\u2019agost en el REFUGI DERA HONERIA (Val de Toran).<\/strong><\/p>\n<p>Es realitzaran dues activitats, \u201cLa nit dels ratolins del bosc\u201d el divendres i el \u201cTour del lir\u00f3 gris\u201d el dissabte. Us podeu animar a fer les dues o b\u00e9 anar a la que us sembli m\u00e9s interessant!<\/p>\n<p><strong>PROGRAMA:<\/strong><\/p>\n<p><strong>\u2022 LA NIT DELS RATOLINS DE BOSC<\/strong><\/p>\n<p><strong>Divendres 14 d\u2019agost, Refugi dera Honeria (Val de Toran)<\/strong><\/p>\n<p>Descobriment dels ratolins de bosc i d&#8217;altres micromam\u00edfers aranesos<\/p>\n<p>20h Audiovisual \u201cMicromam\u00edfers- Animadors secrets dels nostres boscos\u201d<br \/>\n21h sopar<br \/>\n22h &#8211; 23 :30h Exploraci\u00f3 nocturna en el bosc dels ratolins.<\/p>\n<p>Preu, sopar incl\u00f2s: 15\u20ac (Adults), 6 \u20ac (Men\u00fa infantil). Places limitades.<\/p>\n<p><strong>\u2022 EL TOUR DELS LIRONS GRISOS<\/strong><\/p>\n<p><strong>Dissabte 15 d\u2019agost, Refugi dera Honeria (Val de Toran)<\/strong><\/p>\n<p>Con\u00e8ixer de prop els lirons grisos aranesos de la m\u00e0 de L\u00eddia Freixas, investigadora especialitzada en l&#8217;esp\u00e8cie.<\/p>\n<p>De 10h -14h: Refugi dera Honeria<br \/>\nXerrada. \u201cQu\u00e8 en sabem dels lirons grisos?\u201d<br \/>\nRevisi\u00f3 i control de les estacions de cria del Projecte Lir\u00f3.<\/p>\n<p>A les 16h: Conselh Generau d\u2019Aran (Vielha)<br \/>\nRevisi\u00f3 i control de les estacions de cria de Betren.<\/p>\n<p><strong>Per m\u00e9s informaci\u00f3 i reserves<\/strong>, podeu telefonar al Conselh Generau d\u2019Aran (973 64 18 01, horari de dilluns a divendres de 8:00h a 15:00h) o enviar un correu a <a href=\"mailto:c.madruga@aran.org\" target=\"_blank\">c.madruga@aran.org<\/a>, persona de contacte: <strong>Cristina Madruga.<\/strong><\/p>\n<p>Podeu consultar el follet\u00f3 informatiu: <a href=\"http:\/\/www.conselharan.org\/wp-content\/uploads\/2015\/08\/micromamifers_agost_2015.pdf\">micromamifers_agost_2015<\/a><\/p>\n<p><strong>NO US OBLIDEU LA LLINTERNA!<\/strong><\/p>\n<p>&nbsp;<\/p>\n ","protected":false},"excerpt":{"rendered":"<p>\u2022 Aquest divendres, 14 d\u2019agost, tindr\u00e0 lloc la \u201cNit dels ratolins de bosc\u201d i el dissabte, 15 d\u2019agost, es realitzar\u00e0 el \u201cTour del lir\u00f3 gris\u201d El Conselh Generau d\u2019Aran, a trav\u00e9s del Departament d\u2019Agricultura, Ramaderia i Medi Natural, us convida un any m\u00e9s a tota la fam\u00edlia a passar un cap de setmana divertit buscant&#8230;<\/p>\n","protected":false},"author":2,"featured_media":7976,"comment_status":"closed","ping_status":"closed","sticky":false,"template":"","format":"standard","meta":{"footnotes":""},"categories":[31,33,36],"tags":[],"_links":{"self":[{"href":"https:\/\/www.conselharan.org\/ca\/wp-json\/wp\/v2\/posts\/7979"}],"collection":[{"href":"https:\/\/www.conselharan.org\/ca\/wp-json\/wp\/v2\/posts"}],"about":[{"href":"https:\/\/www.conselharan.org\/ca\/wp-json\/wp\/v2\/types\/post"}],"author":[{"embeddable":true,"href":"https:\/\/www.conselharan.org\/ca\/wp-json\/wp\/v2\/users\/2"}],"replies":[{"embeddable":true,"href":"https:\/\/www.conselharan.org\/ca\/wp-json\/wp\/v2\/comments?post=7979"}],"version-history":[{"count":1,"href":"https:\/\/www.conselharan.org\/ca\/wp-json\/wp\/v2\/posts\/7979\/revisions"}],"predecessor-version":[{"id":7980,"href":"https:\/\/www.conselharan.org\/ca\/wp-json\/wp\/v2\/posts\/7979\/revisions\/7980"}],"wp:featuredmedia":[{"embeddable":true,"href":"https:\/\/www.conselharan.org\/ca\/wp-json\/wp\/v2\/media\/7976"}],"wp:attachment":[{"href":"https:\/\/www.conselharan.org\/ca\/wp-json\/wp\/v2\/media?parent=7979"}],"wp:term":[{"taxonomy":"category","embeddable":true,"href":"https:\/\/www.conselharan.org\/ca\/wp-json\/wp\/v2\/categories?post=7979"},{"taxonomy":"post_tag","embeddable":true,"href":"https:\/\/www.conselharan.org\/ca\/wp-json\/wp\/v2\/tags?post=7979"}],"curies":[{"name":"wp","href":"https:\/\/api.w.org\/{rel}","templated":true}]}}