{"id":8078,"date":"2015-08-17T18:00:06","date_gmt":"2015-08-17T16:00:06","guid":{"rendered":"http:\/\/www.conselharan.org\/ca\/?p=8078"},"modified":"2015-08-18T10:14:58","modified_gmt":"2015-08-18T08:14:58","slug":"nova-edicio-de-la-fira-comercial-aran-market-a-vielha-a-partir-davui-i-fins-el-dijous-20-dagost","status":"publish","type":"post","link":"https:\/\/www.conselharan.org\/ca\/nova-edicio-de-la-fira-comercial-aran-market-a-vielha-a-partir-davui-i-fins-el-dijous-20-dagost\/","title":{"rendered":"Nova edici\u00f3 de la fira comercial \u201cAran Market\u201d a Vielha a partir d\u2019avui i fins el dijous 20 d\u2019agost"},"content":{"rendered":"<p>\u2022 <strong>Un total de 15 establiments aranesos exposen els seus productes en la fira<\/strong><\/p>\n<p><strong>\u2022 Es realitzaran diferents tallers a c\u00e0rrec de diferents artesans aranesos<\/strong><\/p>\n<p><a href=\"http:\/\/www.conselharan.org\/wp-content\/uploads\/2015\/08\/aran-market_2015_1.jpg\"><img loading=\"lazy\" decoding=\"async\" class=\"aligncenter size-large wp-image-8082\" src=\"http:\/\/www.conselharan.org\/wp-content\/uploads\/2015\/08\/aran-market_2015_1-1024x687.jpg\" alt=\"aran market_2015_1\" width=\"1024\" height=\"687\" srcset=\"https:\/\/www.conselharan.org\/wp-content\/uploads\/2015\/08\/aran-market_2015_1-1024x687.jpg 1024w, https:\/\/www.conselharan.org\/wp-content\/uploads\/2015\/08\/aran-market_2015_1-300x201.jpg 300w\" sizes=\"(max-width: 1024px) 100vw, 1024px\" \/><\/a> <em>Era conselh\u00e8ra de Torisme e Desvolopament Economic, Anna D\u00edaz e er alcalde de Vielha e Mijaran, Juan A. Serrano, au\u00e9 pendent era inauguracion d\u2019Aran Market.<\/em><\/p>\n<p><em>\u00a0<\/em><\/p>\n<p>El Conselh Generau d\u2019Aran ha organitzat una nova edici\u00f3 de la fira \u201cAran Market\u201d, que tindr\u00e0 lloc a Vielha a partir d\u2019avui dilluns, fins el 20 d&#8217;agost. La fira pret\u00e9n promocionar els diferents productes dels comerciants de la Val d\u2019Aran.<\/p>\n<p>Un total de 15 establiments han tret al carrer els seus productes per donar a con\u00e8ixer l&#8217;extensa varietat que ofereix el comer\u00e7 aran\u00e8s. En aquest sentit, hi haur\u00e0 comerciants de roba, alimentaci\u00f3, souvenirs, complements, decoraci\u00f3, &#8230;<\/p>\n<p><a href=\"http:\/\/www.conselharan.org\/wp-content\/uploads\/2015\/08\/aran-market_20151.jpg\"><img loading=\"lazy\" decoding=\"async\" class=\"aligncenter size-large wp-image-8091\" src=\"http:\/\/www.conselharan.org\/wp-content\/uploads\/2015\/08\/aran-market_20151-1024x611.jpg\" alt=\"aran market_2015\" width=\"1024\" height=\"611\" srcset=\"https:\/\/www.conselharan.org\/wp-content\/uploads\/2015\/08\/aran-market_20151-1024x611.jpg 1024w, https:\/\/www.conselharan.org\/wp-content\/uploads\/2015\/08\/aran-market_20151-300x179.jpg 300w\" sizes=\"(max-width: 1024px) 100vw, 1024px\" \/><\/a><em>Brindant: era conselh\u00e8ra de Torisme e Desvolopament Economic, Anna D\u00edaz, er alcalde de Vielha e Mijaran, Juan A. Serrano, e era tecnic de Com\u00e8r\u00e7 e Torisme d\u2019Aran, Montse Vil\u00f3<\/em><\/p>\n<p>&nbsp;<\/p>\n<p><strong>\u201cAran Market \u00e9s un esdeveniment que porta ja diversos anys en marxa, i que cada any aconsegueix atreure l&#8217;atenci\u00f3 de molts visitants. D&#8217;aquesta manera, es potencia el comer\u00e7 aran\u00e8s, amb la pres\u00e8ncia de visitants al llarg de les diferents jornades que dura la fira\u201d<\/strong>, ha comentat avui durant la inauguraci\u00f3 d\u2019Aran Market la conselh\u00e8ra de Turisme i Desenvolupament Econ\u00f2mic d&#8217;Aran, <strong>Anna D\u00edaz.<\/strong><\/p>\n<p>Durant els tres dies de la fira hi hauran estands on es vendran els productes. A m\u00e9s, tamb\u00e9 es realitzaran diferents tallers d&#8217;artesania i de t\u00e8xtil duts a terme per diferents artesans aranesos.<\/p>\n<p><em><strong>L&#8217;horari d&#8217;Aran Market ser\u00e0 d\u201911h00 a 21h00 ininterrompudament.<\/strong><\/em><\/p>\n<p>&nbsp;<\/p>\n<p><strong>TALLERS D\u2019ARAN MARKET<\/strong><\/p>\n<p><strong>Dimarts 18 d&#8217;agost:<\/strong><\/p>\n<p>\u2022 De 17h30 a 19h00:<\/p>\n<p>Taller de modelatge amb fang polim\u00e8ric a c\u00e0rrec de N\u00faria Ninyerola<br \/>\nFem un tamp\u00f3!, a c\u00e0rrec d\u2019Al\u00edcia Mitjans<\/p>\n<p><strong>Dimecres 19 d&#8217;agost:<\/strong><\/p>\n<p>\u2022 De 17h30 a 19h00:<\/p>\n<p>Taller de bombes i sals de bany a c\u00e0rrec de Sabons Care\u00e7a<br \/>\nTaller de clauers i bra\u00e7alets de macram\u00e9, a c\u00e0rrec de Baobab artesania<\/p>\n<p><strong>Dijous 20 d\u2019agost<\/strong><\/p>\n<p>\u2022 De 17h30 a 19h00:<\/p>\n<p>Maquillatge Infantil a c\u00e0rrec de Kristina Nart<\/p>\n ","protected":false},"excerpt":{"rendered":"<p>\u2022 Un total de 15 establiments aranesos exposen els seus productes en la fira \u2022 Es realitzaran diferents tallers a c\u00e0rrec de diferents artesans aranesos Era conselh\u00e8ra de Torisme e Desvolopament Economic, Anna D\u00edaz e er alcalde de Vielha e Mijaran, Juan A. Serrano, au\u00e9 pendent era inauguracion d\u2019Aran Market. \u00a0 El Conselh Generau d\u2019Aran&#8230;<\/p>\n","protected":false},"author":2,"featured_media":8082,"comment_status":"closed","ping_status":"closed","sticky":false,"template":"","format":"standard","meta":{"footnotes":""},"categories":[31,33],"tags":[],"_links":{"self":[{"href":"https:\/\/www.conselharan.org\/ca\/wp-json\/wp\/v2\/posts\/8078"}],"collection":[{"href":"https:\/\/www.conselharan.org\/ca\/wp-json\/wp\/v2\/posts"}],"about":[{"href":"https:\/\/www.conselharan.org\/ca\/wp-json\/wp\/v2\/types\/post"}],"author":[{"embeddable":true,"href":"https:\/\/www.conselharan.org\/ca\/wp-json\/wp\/v2\/users\/2"}],"replies":[{"embeddable":true,"href":"https:\/\/www.conselharan.org\/ca\/wp-json\/wp\/v2\/comments?post=8078"}],"version-history":[{"count":4,"href":"https:\/\/www.conselharan.org\/ca\/wp-json\/wp\/v2\/posts\/8078\/revisions"}],"predecessor-version":[{"id":8093,"href":"https:\/\/www.conselharan.org\/ca\/wp-json\/wp\/v2\/posts\/8078\/revisions\/8093"}],"wp:featuredmedia":[{"embeddable":true,"href":"https:\/\/www.conselharan.org\/ca\/wp-json\/wp\/v2\/media\/8082"}],"wp:attachment":[{"href":"https:\/\/www.conselharan.org\/ca\/wp-json\/wp\/v2\/media?parent=8078"}],"wp:term":[{"taxonomy":"category","embeddable":true,"href":"https:\/\/www.conselharan.org\/ca\/wp-json\/wp\/v2\/categories?post=8078"},{"taxonomy":"post_tag","embeddable":true,"href":"https:\/\/www.conselharan.org\/ca\/wp-json\/wp\/v2\/tags?post=8078"}],"curies":[{"name":"wp","href":"https:\/\/api.w.org\/{rel}","templated":true}]}}