{"id":8129,"date":"2015-08-22T08:00:59","date_gmt":"2015-08-22T06:00:59","guid":{"rendered":"http:\/\/www.conselharan.org\/ca\/?p=8129"},"modified":"2015-08-21T20:38:09","modified_gmt":"2015-08-21T18:38:09","slug":"el-conselh-generau-daran-presenta-era-roda-non-stop-que-tindra-lloc-el-5-de-setembre","status":"publish","type":"post","link":"https:\/\/www.conselharan.org\/ca\/el-conselh-generau-daran-presenta-era-roda-non-stop-que-tindra-lloc-el-5-de-setembre\/","title":{"rendered":"El Conselh Generau d\u2019Aran presenta  \u201cERA RODA NON STOP\u201d que tindr\u00e0 lloc el 5 de setembre"},"content":{"rendered":"<p>\u2022<strong> Era Roda Non Stop neix per donar cabuda a tots els amants del mountainbike pur, en un entorn privilegiat i amb una duresa considerable.<\/strong><\/p>\n<p><strong>\u2022 Amb 160km i un desnivell positiu de 5600m, aquesta prova se situa entre una de les m\u00e9s dures del Pirineus i circula \u00edntegrament per la Val d\u2019Aran, un escenari perfecte per poder gaudir de la muntanya m\u00e9s aut\u00e8ntica.<\/strong><\/p>\n<p><a href=\"http:\/\/www.conselharan.org\/wp-content\/uploads\/2015\/08\/presentacion-ERA-RODA.jpg\"><img loading=\"lazy\" decoding=\"async\" class=\"aligncenter size-large wp-image-8127\" src=\"http:\/\/www.conselharan.org\/wp-content\/uploads\/2015\/08\/presentacion-ERA-RODA-1024x558.jpg\" alt=\"presentacion ERA RODA\" width=\"1024\" height=\"558\" srcset=\"https:\/\/www.conselharan.org\/wp-content\/uploads\/2015\/08\/presentacion-ERA-RODA-1024x558.jpg 1024w, https:\/\/www.conselharan.org\/wp-content\/uploads\/2015\/08\/presentacion-ERA-RODA-300x164.jpg 300w\" sizes=\"(max-width: 1024px) 100vw, 1024px\" \/><\/a><\/p>\n<p>El Conselh Generau d\u2019Aran ha acollit la presentaci\u00f3 de <strong>\u201cERA RODA NON STOP<\/strong>\u201d a c\u00e0rrec de la conselh\u00e8ra de Turisme i Desenvolupament Econ\u00f2mic d&#8217;Aran, <strong>Anna D\u00edaz<\/strong>, del vicesindic 2n d\u2019Aran, <strong>C\u00e9sar Ruiz-Canela<\/strong>, de l&#8217;administrador gerent d&#8217;Exciting Pyrenees, <strong>Francesc Comas<\/strong>, del coordinador responsable de \u201cEra Roda Non Stop\u201d, <strong>Marc Puig,<\/strong> de la responsable de Copos Bike, <strong>Silvia Monge<\/strong>, i del Club Atletic Val d\u2019Aran, <strong>Marc Cuny<\/strong>.<\/p>\n<p>Era Roda NonStop, que es disputar\u00e0 el 5 de setembre, tindr\u00e0 un recorregut de 160km i 5600m de desnivell que els participants podran desenvolupar segons els seg\u00fcents formats:<\/p>\n<p>&#8211;<strong> Individual:<\/strong> 100% del recorregut cobert per un sol corredor<br \/>\n&#8211;<strong> Equip de 2:<\/strong> Cada corredor haur\u00e0 de cobrir 80 dels 160 km<br \/>\n&#8211; <strong>Equip de 4:<\/strong> Cada corredor haur\u00e0 de cobrir 40 dels 160 km<\/p>\n<p>L&#8217;organitzaci\u00f3 habilitar\u00e0 una s\u00e8rie de punts de pas obligatoris, situats als mateixos pobles (a excepci\u00f3 d&#8217;un punt de relleu) amb avituallament perqu\u00e8 els corredors puguin fer pas del relleu de forma controlada.<\/p>\n<p>Aquests punts de relleu se situaran a una dist\u00e0ncia aproximada de 40km, a Vielha, Boss\u00f2st i Sauth deth Pish.<\/p>\n<p>En aquests 3 punts de relleu s&#8217;hauran de realitzar els canvis, tant si participes en equip de 2 com de 4.<\/p>\n<p><strong>Anna D\u00edaz,<\/strong> conselh\u00e8ra de Turisme i Desenvolupament Econ\u00f2mic d&#8217;Aran, ha manifestat <strong>\u201cEra Roda t\u00e9 un inter\u00e8s paisatg\u00edstic indiscutible i discorre \u00edntegrament per la Val d\u2019Aran, els participants podran gaudir d&#8217;uns paratges impressionants a trav\u00e9s d&#8217;un recorregut per als amants del mountainbike en estat pur\u201d.<\/strong><\/p>\n<p>En paraules del vicesindic 2au d\u2019Aran, <strong>C\u00e9sar Ruiz-Canela, \u201cEra Roda \u00e9s una cursa 100% Val d\u2019Aran amb sortida i arribada a Salard\u00fa i pera a tot tipus de nivell, ja que es pot fer individual, per parelles o en grups de 4\u201d.<\/strong><\/p>\n<p><strong>Francesc Comas,<\/strong> administrador gerent d&#8217;Exciting Pyrenees, ha afegit <strong>\u201caquesta cursa \u00e9s la uni\u00f3 de 3 entitats: Era Roda, Club Atletic Val d\u2019Aran i COPOS BIKE, a m\u00e9s convidem a d\u2019altres entitats a afegir-se perqu\u00e8 Era Roda ha de ser una cursa per tots\u201d<\/strong><\/p>\n<p>M\u00e9s informaci\u00f3 i inscripcions: <a href=\"http:\/\/erarodanonstop.com\" target=\"_blank\">http:\/\/erarodanonstop.com<\/a><\/p>\n ","protected":false},"excerpt":{"rendered":"<p>\u2022 Era Roda Non Stop neix per donar cabuda a tots els amants del mountainbike pur, en un entorn privilegiat i amb una duresa considerable. \u2022 Amb 160km i un desnivell positiu de 5600m, aquesta prova se situa entre una de les m\u00e9s dures del Pirineus i circula \u00edntegrament per la Val d\u2019Aran, un escenari&#8230;<\/p>\n","protected":false},"author":2,"featured_media":8127,"comment_status":"closed","ping_status":"closed","sticky":false,"template":"","format":"standard","meta":{"footnotes":""},"categories":[31,33,36],"tags":[],"_links":{"self":[{"href":"https:\/\/www.conselharan.org\/ca\/wp-json\/wp\/v2\/posts\/8129"}],"collection":[{"href":"https:\/\/www.conselharan.org\/ca\/wp-json\/wp\/v2\/posts"}],"about":[{"href":"https:\/\/www.conselharan.org\/ca\/wp-json\/wp\/v2\/types\/post"}],"author":[{"embeddable":true,"href":"https:\/\/www.conselharan.org\/ca\/wp-json\/wp\/v2\/users\/2"}],"replies":[{"embeddable":true,"href":"https:\/\/www.conselharan.org\/ca\/wp-json\/wp\/v2\/comments?post=8129"}],"version-history":[{"count":1,"href":"https:\/\/www.conselharan.org\/ca\/wp-json\/wp\/v2\/posts\/8129\/revisions"}],"predecessor-version":[{"id":8130,"href":"https:\/\/www.conselharan.org\/ca\/wp-json\/wp\/v2\/posts\/8129\/revisions\/8130"}],"wp:featuredmedia":[{"embeddable":true,"href":"https:\/\/www.conselharan.org\/ca\/wp-json\/wp\/v2\/media\/8127"}],"wp:attachment":[{"href":"https:\/\/www.conselharan.org\/ca\/wp-json\/wp\/v2\/media?parent=8129"}],"wp:term":[{"taxonomy":"category","embeddable":true,"href":"https:\/\/www.conselharan.org\/ca\/wp-json\/wp\/v2\/categories?post=8129"},{"taxonomy":"post_tag","embeddable":true,"href":"https:\/\/www.conselharan.org\/ca\/wp-json\/wp\/v2\/tags?post=8129"}],"curies":[{"name":"wp","href":"https:\/\/api.w.org\/{rel}","templated":true}]}}