{"id":8417,"date":"2015-10-07T08:00:17","date_gmt":"2015-10-07T06:00:17","guid":{"rendered":"http:\/\/www.conselharan.org\/ca\/?p=8417"},"modified":"2015-10-07T10:48:03","modified_gmt":"2015-10-07T08:48:03","slug":"la-vetllada-dels-talpons","status":"publish","type":"post","link":"https:\/\/www.conselharan.org\/ca\/la-vetllada-dels-talpons\/","title":{"rendered":"La vetllada dels talpons"},"content":{"rendered":"<p><strong>\u2022 El divendres 16 d\u2019octubre tindr\u00e0 lloc aquesta activitat de descoberta i reconeixement de les especies de micromamifers de la Val d\u2019Aran.<\/strong><\/p>\n<p><a href=\"http:\/\/www.conselharan.org\/wp-content\/uploads\/2015\/10\/pann\u00e8u_boherons.jpg\"><img loading=\"lazy\" decoding=\"async\" class=\"aligncenter size-large wp-image-8415\" src=\"http:\/\/www.conselharan.org\/wp-content\/uploads\/2015\/10\/pann\u00e8u_boherons-363x1024.jpg\" alt=\"pann\u00e8u_boherons\" width=\"363\" height=\"1024\" srcset=\"https:\/\/www.conselharan.org\/wp-content\/uploads\/2015\/10\/pann\u00e8u_boherons-363x1024.jpg 363w, https:\/\/www.conselharan.org\/wp-content\/uploads\/2015\/10\/pann\u00e8u_boherons-106x300.jpg 106w\" sizes=\"(max-width: 363px) 100vw, 363px\" \/><\/a><\/p>\n<p>Un any m\u00e9s, el Conselh Generau d\u2019Aran a trav\u00e9s del seu Departament d&#8217;Agricultura, Ramaderia i Medi Natural ha organitzat una activitat, per petits i grans, de descobriment i reconeixement de les especies de micromamifers de la Val d\u2019Aran i d\u2019aprenentatge del m\u00e8tode d\u2019estudi cient\u00edfic d\u2019aquest grup de fauna.<\/p>\n<p>L&#8217;activitat est\u00e0 dirigida a tota la fam\u00edlia i convida a passar una tarda\/nit divertida buscant als petits mam\u00edfers que viuen amagats als nostres boscos.<\/p>\n<p><strong>Programa:<\/strong><\/p>\n<p><strong>Divendres 16 d\u2019octubre<\/strong><\/p>\n<p>18h &#8211; 19:30h:<\/p>\n<p>&#8211; A la recerca dels primers indicis de fauna a l\u2019Aran &#8211; Breu ginkama<br \/>\n&#8211; Tallers de m\u00e0scares i papirofl\u00e8xia<\/p>\n<p>19:30 &#8211; 20:30h:<\/p>\n<p>&#8211; Xerrada audiovisual: \u201cMicromamifers, animadors secrets dels nostres boscos\u201d<\/p>\n<p>20:30h:<\/p>\n<p>&#8211; Sopar<\/p>\n<p>21:30 -22:30h:<\/p>\n<p>&#8211; Sortida pel bosc &#8211; prospecci\u00f3 nocturna del dispositiu de trampeig<\/p>\n<p>Per fer m\u00e9s c\u00f2mode el seguiment de l&#8217;activitat, el refugi ofereix servei d&#8217;allotjament i restauraci\u00f3 (men\u00fa 12\u20ac i men\u00fa infantil 6\u20ac). Per\u00f2 tamb\u00e9 hi ha la possibilitat de portar el sopar en tupper.<\/p>\n<p><strong>L&#8217;activitat \u00e9s gratu\u00efta, per\u00f2 les places s\u00f3n limitades<\/strong>, per all\u00f2 cal formalitzar la inscripci\u00f3 telefonant al Conselh Generau d\u2019Aran (973 64 18 01) o enviant un correu a <a href=\"mailto:c.madruga@aran.org\" target=\"_blank\">c.madruga@aran.org<\/a>, persona de contacte Cristina Madruga.<\/p>\n ","protected":false},"excerpt":{"rendered":"<p>\u2022 El divendres 16 d\u2019octubre tindr\u00e0 lloc aquesta activitat de descoberta i reconeixement de les especies de micromamifers de la Val d\u2019Aran. Un any m\u00e9s, el Conselh Generau d\u2019Aran a trav\u00e9s del seu Departament d&#8217;Agricultura, Ramaderia i Medi Natural ha organitzat una activitat, per petits i grans, de descobriment i reconeixement de les especies de&#8230;<\/p>\n","protected":false},"author":2,"featured_media":8368,"comment_status":"closed","ping_status":"closed","sticky":false,"template":"","format":"standard","meta":{"footnotes":""},"categories":[31,127,33,36],"tags":[],"_links":{"self":[{"href":"https:\/\/www.conselharan.org\/ca\/wp-json\/wp\/v2\/posts\/8417"}],"collection":[{"href":"https:\/\/www.conselharan.org\/ca\/wp-json\/wp\/v2\/posts"}],"about":[{"href":"https:\/\/www.conselharan.org\/ca\/wp-json\/wp\/v2\/types\/post"}],"author":[{"embeddable":true,"href":"https:\/\/www.conselharan.org\/ca\/wp-json\/wp\/v2\/users\/2"}],"replies":[{"embeddable":true,"href":"https:\/\/www.conselharan.org\/ca\/wp-json\/wp\/v2\/comments?post=8417"}],"version-history":[{"count":1,"href":"https:\/\/www.conselharan.org\/ca\/wp-json\/wp\/v2\/posts\/8417\/revisions"}],"predecessor-version":[{"id":8418,"href":"https:\/\/www.conselharan.org\/ca\/wp-json\/wp\/v2\/posts\/8417\/revisions\/8418"}],"wp:featuredmedia":[{"embeddable":true,"href":"https:\/\/www.conselharan.org\/ca\/wp-json\/wp\/v2\/media\/8368"}],"wp:attachment":[{"href":"https:\/\/www.conselharan.org\/ca\/wp-json\/wp\/v2\/media?parent=8417"}],"wp:term":[{"taxonomy":"category","embeddable":true,"href":"https:\/\/www.conselharan.org\/ca\/wp-json\/wp\/v2\/categories?post=8417"},{"taxonomy":"post_tag","embeddable":true,"href":"https:\/\/www.conselharan.org\/ca\/wp-json\/wp\/v2\/tags?post=8417"}],"curies":[{"name":"wp","href":"https:\/\/api.w.org\/{rel}","templated":true}]}}