{"id":8559,"date":"2015-10-26T08:10:05","date_gmt":"2015-10-26T07:10:05","guid":{"rendered":"http:\/\/www.conselharan.org\/ca\/?p=8559"},"modified":"2015-10-26T08:10:05","modified_gmt":"2015-10-26T07:10:05","slug":"el-conselh-generau-daran-posa-en-marxa-un-pla-pilot-de-recollida-comercial-porta-a-porta-del-papercartro","status":"publish","type":"post","link":"https:\/\/www.conselharan.org\/ca\/el-conselh-generau-daran-posa-en-marxa-un-pla-pilot-de-recollida-comercial-porta-a-porta-del-papercartro\/","title":{"rendered":"El Conselh Generau d\u2019Aran posa en marxa un pla pilot de recollida comercial \u201cporta a porta\u201d del paper\/cartr\u00f3"},"content":{"rendered":"<p>\u2022<strong> Aquest projecte pilot consisteix en fixar un horari limitat (de 11h00 a 12h00) de dip\u00f2sit dels cartrons generats pels comerciants facilitant una recollida \u00e0gil que permetr\u00e0 mantenir els carrers nets la major part del dia.<\/strong><\/p>\n<p><a href=\"http:\/\/www.conselharan.org\/wp-content\/uploads\/2015\/10\/box-2.jpg\"><img loading=\"lazy\" decoding=\"async\" class=\"aligncenter size-full wp-image-8557\" src=\"http:\/\/www.conselharan.org\/wp-content\/uploads\/2015\/10\/box-2.jpg\" alt=\"box-2\" width=\"565\" height=\"439\" srcset=\"https:\/\/www.conselharan.org\/wp-content\/uploads\/2015\/10\/box-2.jpg 565w, https:\/\/www.conselharan.org\/wp-content\/uploads\/2015\/10\/box-2-300x233.jpg 300w, https:\/\/www.conselharan.org\/wp-content\/uploads\/2015\/10\/box-2-423x330.jpg 423w\" sizes=\"(max-width: 565px) 100vw, 565px\" \/><\/a><\/p>\n<p>El Conselh Generau d\u2019Aran, en col\u2022laboraci\u00f3 amb l\u2019Ajuntament de Vielha e Mijaran va iniciar el dia 19 d\u2019octubre un servei de recollida comercial \u201cporta a porta\u201d de la fracci\u00f3 paper\/cartr\u00f3 en el nucli de Vielha.<\/p>\n<p>Aquesta nova recollida comercial s\u2019emmarca dins del contracte de gesti\u00f3 integral de la recollida i evacuaci\u00f3 de residus s\u00f2lids urbans de la Val d\u2019Aran que es va posar en funcionament el passat mes de gener.<\/p>\n<p>Aquest projecte pilot consisteix en fixar un horari limitat (de 11h00 a 12h00) de dip\u00f2sit dels cartrons generats pels comerciants facilitant una recollida \u00e0gil que permetr\u00e0 mantenir nets i endre\u00e7ats els carrers del municipi la major part del dia. Amb aquest model \u00e9s necessari el rigor en el compliment de l\u2019horari per part dels comerciants, tot el que es dipositi passades les 12h00 del migdia no ser\u00e0 recollit amb el conseq\u00fcent efecte negatiu envers del que es pret\u00e9n aconseguir amb aquesta mesura.<\/p>\n<p>El Conselh Generau d\u2019Aran ha organitzat visites personalitzades a m\u00e9s d\u2019un centenar d\u2019establiments comercials de Vielha per informar-los detalladament dels avantatges que pot significar per la imatge tur\u00edstica de la Val d\u2019Aran la seva participaci\u00f3 respectant les previsions d\u2019aquest projecte.<\/p>\n<p>Els beneficis de la recollida comercial del paper\/ cartr\u00f3 consisteixen, segons paraules del conselh\u00e8r de Territori d\u2019Aran, <strong>Jose A. Boya,<\/strong> en<strong> millorar la imatge de l\u2019entorn que gaudeixen els nostres visitants i optimitzar la recollida selectiva del paper\/ cartr\u00f3.<\/strong><\/p>\n<p>Una vegada consolidat aquest projecte pilot al municipi de Vielha, la recollida comercial porta a porta del paper\/ cartr\u00f3 s\u2019estendr\u00e0 a la resta de municipis de la Val d\u2019Aran.<\/p>\n<p>La conselh\u00e8ra de Turisme i Desenvolupament Econ\u00f2mic d\u2019Aran, <strong>Anna D\u00edaz,<\/strong> ha manifestat \u201c<strong>per a que aquest projecte funcioni \u00e9s necess\u00e0ria la col\u2022laboraci\u00f3 dels establiments comercials, col\u2022laboraci\u00f3 que segur que tindrem ja que el sector comercial sempre s\u2019ha mostrat favorable a aquest tipus de projecte que l\u2019administraci\u00f3 lidera\u201d.<\/strong><\/p>\n<p>Finalment, el conselh\u00e8r de Territori d\u2019Aran, <strong>Jose A. Boya<\/strong>, ha assegurat <strong>\u201cdes del Conselh Generau d\u2019Aran estem treballant per millorar els nostres resultats de reciclatge en totes les fraccions per protegir el nostre medi ambient\u201d.<\/strong><\/p>\n ","protected":false},"excerpt":{"rendered":"<p>\u2022 Aquest projecte pilot consisteix en fixar un horari limitat (de 11h00 a 12h00) de dip\u00f2sit dels cartrons generats pels comerciants facilitant una recollida \u00e0gil que permetr\u00e0 mantenir els carrers nets la major part del dia. El Conselh Generau d\u2019Aran, en col\u2022laboraci\u00f3 amb l\u2019Ajuntament de Vielha e Mijaran va iniciar el dia 19 d\u2019octubre un&#8230;<\/p>\n","protected":false},"author":2,"featured_media":8557,"comment_status":"closed","ping_status":"closed","sticky":false,"template":"","format":"standard","meta":{"footnotes":""},"categories":[31,33,36],"tags":[],"_links":{"self":[{"href":"https:\/\/www.conselharan.org\/ca\/wp-json\/wp\/v2\/posts\/8559"}],"collection":[{"href":"https:\/\/www.conselharan.org\/ca\/wp-json\/wp\/v2\/posts"}],"about":[{"href":"https:\/\/www.conselharan.org\/ca\/wp-json\/wp\/v2\/types\/post"}],"author":[{"embeddable":true,"href":"https:\/\/www.conselharan.org\/ca\/wp-json\/wp\/v2\/users\/2"}],"replies":[{"embeddable":true,"href":"https:\/\/www.conselharan.org\/ca\/wp-json\/wp\/v2\/comments?post=8559"}],"version-history":[{"count":1,"href":"https:\/\/www.conselharan.org\/ca\/wp-json\/wp\/v2\/posts\/8559\/revisions"}],"predecessor-version":[{"id":8560,"href":"https:\/\/www.conselharan.org\/ca\/wp-json\/wp\/v2\/posts\/8559\/revisions\/8560"}],"wp:featuredmedia":[{"embeddable":true,"href":"https:\/\/www.conselharan.org\/ca\/wp-json\/wp\/v2\/media\/8557"}],"wp:attachment":[{"href":"https:\/\/www.conselharan.org\/ca\/wp-json\/wp\/v2\/media?parent=8559"}],"wp:term":[{"taxonomy":"category","embeddable":true,"href":"https:\/\/www.conselharan.org\/ca\/wp-json\/wp\/v2\/categories?post=8559"},{"taxonomy":"post_tag","embeddable":true,"href":"https:\/\/www.conselharan.org\/ca\/wp-json\/wp\/v2\/tags?post=8559"}],"curies":[{"name":"wp","href":"https:\/\/api.w.org\/{rel}","templated":true}]}}