{"id":8748,"date":"2015-11-04T16:49:47","date_gmt":"2015-11-04T15:49:47","guid":{"rendered":"http:\/\/www.conselharan.org\/ca\/eth-director-dera-agencia-de-residus-de-catalonha-visite-es-obres-dera-planta-de-transferencia-de-residus-dera-val-daran\/"},"modified":"2017-09-05T12:12:59","modified_gmt":"2017-09-05T10:12:59","slug":"eth-director-dera-agencia-de-residus-de-catalonha-visite-es-obres-dera-planta-de-transferencia-de-residus-dera-val-daran","status":"publish","type":"post","link":"https:\/\/www.conselharan.org\/ca\/eth-director-dera-agencia-de-residus-de-catalonha-visite-es-obres-dera-planta-de-transferencia-de-residus-dera-val-daran\/","title":{"rendered":"Eth director dera Ag\u00e9ncia de Residus de Catalonha visite es \u00f2bres dera planta de transfer\u00e9ncia de residus dera Val d\u2019Aran"},"content":{"rendered":"<p>\u2022<strong> Pendent era sua visita, Josep M\u00aa Tost, director dera Ag\u00e9ncia de Residus de Catalonha a informat ath sindic d\u2019Aran, Carlos Barrera, era aportacion economica de 250.000\u20ac destinadi ara reconstruccion dera deishalheria de Vielha destru\u00efda pes inondacions deth 2013.<\/strong><\/p>\n<p><a href=\"http:\/\/www.conselharan.org\/wp-content\/uploads\/2015\/11\/planta.jpg\"><img loading=\"lazy\" decoding=\"async\" class=\"size-large wp-image-8744\" src=\"http:\/\/www.conselharan.org\/wp-content\/uploads\/2015\/11\/planta-1024x694.jpg\" alt=\"????????????????????????????????????\" width=\"1024\" height=\"694\" srcset=\"https:\/\/www.conselharan.org\/wp-content\/uploads\/2015\/11\/planta-1024x694.jpg 1024w, https:\/\/www.conselharan.org\/wp-content\/uploads\/2015\/11\/planta-300x203.jpg 300w\" sizes=\"(max-width: 1024px) 100vw, 1024px\" \/><\/a><\/p>\n<p>Eth sindic d\u2019Aran, <strong>Carlos Barrera<\/strong>, eth conselh\u00e8r de Territ\u00f2ri d\u2019Aran,<strong> Jose A. Boya,<\/strong> e er assessor tecnic deth Conselh Generau d\u2019Aran en mat\u00e8ria de recuelhuda de residus ena Val d\u2019Aran,<strong> Josep Ma. Insausti<\/strong>, an acompanhat ath director dera Ag\u00e9ncia de Residus de Catalonha, <strong>Josep M\u00aa Tost<\/strong>, ena visita des \u00f2bres d\u2019adeq\u00fcacion dera antiga incineradora coma planta de transfer\u00e9ncia de residus dera Val d\u2019Aran, pla\u00e7ada ena boca N\u00f2rd deth tun\u00e8l de Vielha.<\/p>\n<p>Era accion ei avalorada en <strong>1.239.228,44 \u00e8uros<\/strong>. Era Ag\u00e9ncia Catalana de Residus autreg\u00e8c ua subvencion ath Conselh Generau d\u2019Aran ent\u00e0 finan\u00e7ar eth c\u00f2st d\u2019aguesta intervencion. (Totau subvencion dera ARC: 629.000,00\u20ac, aportacion deth CGA: 610.228,44\u20ac)<\/p>\n<p>\u201c<strong>Des deth Gov\u00e8rn auem comprenut tostemp aguesta infrastructura coma priorit\u00e0ria ent\u00e0 poder melhorar era efici\u00e9ncia dera gestion deth servici de recuelhuda de residus e ath madeish viatge optimizaram eth c\u00f2st deth transp\u00f2rt\u201d<\/strong> a explicat eth sindic d\u2019Aran, <strong>Carlos Barrera<\/strong>.<\/p>\n<p>Es \u00f2bres profiten es installacions dra antiga incineradora, que finaliz\u00e8c era sua activitat er an 2003. Damb aguesta intervencion, se bastissen dues naus entar emmagazinatge des ve\u00efculs recollectors a dus niv\u00e8us e entara recepcion dera fraccion r\u00e8sta, atau coma eth s\u00f2n pretractament ent\u00e0 separar era fraccion organica dera r\u00e8sta.<\/p>\n<p>Se bastissen uns \u201cmolls\u201d de carga de refortiment entath classament e valorizacion tant des materiaus geridi enes tres deishalheries coma pera gestion de transfer\u00e9ncia des voluminosi. Tanben s\u2019engodronen es dues plataformes der entorn des naus e se bastissen dues tolves receptores ent\u00e0 cargar es estatges mobils. Ath del\u00e0, s\u2019arranjar\u00e0 er acc\u00e8s d\u2019entrada ara pleta ambientau damb era installacion d\u2019ua b\u00e0scula cob\u00e8rta entath registre e contr\u00f2l des entrades e gessudes.<\/p>\n<p>Eth Gov\u00e8rn aran\u00e9s demore qu&#8217;es \u00f2bres siguen prestes a finaus d\u2019an, s&#8217;es condicions climatiques ac permeten.<\/p>\n<p><a href=\"http:\/\/www.conselharan.org\/wp-content\/uploads\/2015\/11\/planta-2.jpg\"><img loading=\"lazy\" decoding=\"async\" class=\"aligncenter size-large wp-image-8745\" src=\"http:\/\/www.conselharan.org\/wp-content\/uploads\/2015\/11\/planta-2-1024x643.jpg\" alt=\"planta 2\" width=\"1024\" height=\"643\" srcset=\"https:\/\/www.conselharan.org\/wp-content\/uploads\/2015\/11\/planta-2-1024x643.jpg 1024w, https:\/\/www.conselharan.org\/wp-content\/uploads\/2015\/11\/planta-2-300x188.jpg 300w\" sizes=\"(max-width: 1024px) 100vw, 1024px\" \/><\/a><\/p>\n<p>&nbsp;<\/p>\n<p>Eth conselh\u00e8r de Territ\u00f2ri d\u2019Aran, <strong>Jose A. Boya<\/strong>, a manifestat \u201c<strong>era Val d\u2019Aran dar\u00e0 un pas m\u00e8s ent\u00e0 auan\u00e7ar e melhorar eth mod\u00e8l de recuelhuda de residus en territ\u00f2ri e poder garantir uns servicis de qualitat\u201d.<\/strong><\/p>\n<p>Eth director dera Ag\u00e9ncia de Residus de Catalonha, <strong>Josep M\u00aa Tost,<\/strong> a soslinhat que<strong> \u201ccontunhar\u00e0 facilitant tot eth sup\u00f2rt tecnic ent\u00e0 melhorar eth sist\u00e8ma de recuelhuda de residus en Aran\u201d.<\/strong><\/p>\n<p>Demp\u00fas dera demana deth sindic d\u2019Aran, <strong>Carlos Barrera<\/strong>, ath director dera Ag\u00e9ncia de Residus de Catalonha entara reconstruccion dera deishalheria de Vielha destru\u00efda pes aiguats der an 2013, <strong>Josep M\u00aa Tost<\/strong> a informat ath sindic d\u2019Aran er <strong>autrejament d\u2019ua subvencion de 250.000\u20ac per part dera ARC ath Gov\u00e8rn aran\u00e9s entara reconstruccion dera deishalheria de Vielha.<\/strong><\/p>\n<p>Enqui\u00e0 g\u00e8r deth 2015, eth Conselh Generau d\u2019Aran auie era gestion dir\u00e8cta dera recuelhuda, transp\u00f2rt e tres deishalheries, a compdar d&#8217;alavetz era concession l&#8217;a <strong>Romero Polo.<\/strong><\/p>\n ","protected":false},"excerpt":{"rendered":"<p>\u2022 Pendent era sua visita, Josep M\u00aa Tost, director dera Ag\u00e9ncia de Residus de Catalonha a informat ath sindic d\u2019Aran, Carlos Barrera, era aportacion economica de 250.000\u20ac destinadi ara reconstruccion dera deishalheria de Vielha destru\u00efda pes inondacions deth 2013. Eth sindic d\u2019Aran, Carlos Barrera, eth conselh\u00e8r de Territ\u00f2ri d\u2019Aran, Jose A. Boya, e er assessor&#8230;<\/p>\n","protected":false},"author":2,"featured_media":0,"comment_status":"closed","ping_status":"closed","sticky":false,"template":"","format":"standard","meta":{"footnotes":""},"categories":[31,53,33,36],"tags":[],"_links":{"self":[{"href":"https:\/\/www.conselharan.org\/ca\/wp-json\/wp\/v2\/posts\/8748"}],"collection":[{"href":"https:\/\/www.conselharan.org\/ca\/wp-json\/wp\/v2\/posts"}],"about":[{"href":"https:\/\/www.conselharan.org\/ca\/wp-json\/wp\/v2\/types\/post"}],"author":[{"embeddable":true,"href":"https:\/\/www.conselharan.org\/ca\/wp-json\/wp\/v2\/users\/2"}],"replies":[{"embeddable":true,"href":"https:\/\/www.conselharan.org\/ca\/wp-json\/wp\/v2\/comments?post=8748"}],"version-history":[{"count":1,"href":"https:\/\/www.conselharan.org\/ca\/wp-json\/wp\/v2\/posts\/8748\/revisions"}],"predecessor-version":[{"id":18964,"href":"https:\/\/www.conselharan.org\/ca\/wp-json\/wp\/v2\/posts\/8748\/revisions\/18964"}],"wp:attachment":[{"href":"https:\/\/www.conselharan.org\/ca\/wp-json\/wp\/v2\/media?parent=8748"}],"wp:term":[{"taxonomy":"category","embeddable":true,"href":"https:\/\/www.conselharan.org\/ca\/wp-json\/wp\/v2\/categories?post=8748"},{"taxonomy":"post_tag","embeddable":true,"href":"https:\/\/www.conselharan.org\/ca\/wp-json\/wp\/v2\/tags?post=8748"}],"curies":[{"name":"wp","href":"https:\/\/api.w.org\/{rel}","templated":true}]}}