{"id":8752,"date":"2015-11-05T15:40:32","date_gmt":"2015-11-05T14:40:32","guid":{"rendered":"http:\/\/www.conselharan.org\/ca\/?p=8752"},"modified":"2015-11-05T15:40:32","modified_gmt":"2015-11-05T14:40:32","slug":"la-val-daran-acull-aquest-cap-de-setmana-la-copa-cegva-primera-prova-de-la-lliga-catalana-de-patinatge-artistic-sobre-gel-2015-16","status":"publish","type":"post","link":"https:\/\/www.conselharan.org\/ca\/la-val-daran-acull-aquest-cap-de-setmana-la-copa-cegva-primera-prova-de-la-lliga-catalana-de-patinatge-artistic-sobre-gel-2015-16\/","title":{"rendered":"La Val d\u2019Aran acull aquest cap de setmana la Copa CEGVA, primera prova de la Lliga Catalana de Patinatge Art\u00edstic sobre gel 2015-16"},"content":{"rendered":"<p><strong>\u2022 Hi participaran un total de 70 patinadors i patinadores (20 del CEGVA, 19 del FC Barcelona i 13 del CEPAP).<\/strong><\/p>\n<p><a href=\"http:\/\/www.conselharan.org\/wp-content\/uploads\/2015\/11\/COPA-CEGVA-2015-2016.jpg\"><img loading=\"lazy\" decoding=\"async\" class=\"aligncenter size-large wp-image-8750\" src=\"http:\/\/www.conselharan.org\/wp-content\/uploads\/2015\/11\/COPA-CEGVA-2015-2016-724x1024.jpg\" alt=\"COPA CEGVA 2015 2016\" width=\"724\" height=\"1024\" srcset=\"https:\/\/www.conselharan.org\/wp-content\/uploads\/2015\/11\/COPA-CEGVA-2015-2016-724x1024.jpg 724w, https:\/\/www.conselharan.org\/wp-content\/uploads\/2015\/11\/COPA-CEGVA-2015-2016-212x300.jpg 212w\" sizes=\"(max-width: 724px) 100vw, 724px\" \/><\/a><\/p>\n<p>&nbsp;<\/p>\n<p>El <strong>Palai de G\u00e8u de Vielha<\/strong> acollir\u00e0 aquest cap de setmana, 7 i 8 de novembre, la<strong> Copa CEGVA de patinatge art\u00edstic sobre gel<\/strong>, primera prova puntuable de la Lliga Catalana de Patinatge Art\u00edstic sobre gel 2015-2016, circuit que inclou a m\u00e9s la Copa Puigcerd\u00e0, la Copa Canillo i la Copa Internacional Ciutat de Barcelona. Organitzada pel<strong> Club d&#8217;Esp\u00f2rts de G\u00e8u Val d&#8217;Aran (CEGVA) i la Federaci\u00f3 Catalana d\u2019Esports d\u2019Hivern (FCEH)<\/strong>, la competici\u00f3 acollir\u00e0 un total de 70 patinadors i patinadores pertanyents als clubs catalans FC Barcelona, CEGVA i CEPAP i al club andorr\u00e0 ACG. La Copa CEGVA \u00e9s una competici\u00f3 oberta nom\u00e9s en les categories nacionals i internacionals (Debs, Basic Novice, Novice Advanced, J\u00fanior ISU, S\u00e8nior ISU i Parelles de lliure) i tancada a clubs de la FCEH i de la FAEG pel que fa a les categories Auton\u00f2miques A (Escola, Debutants, Benjam\u00ed, Alev\u00ed, Cadet i Veterans) i B (Debs A, Infantil A, J\u00fanior A i S\u00e8nior A).<\/p>\n<p>Un total de 52 patinadors catalans participaran en aquesta competici\u00f3 que obre la Lliga Catalana de la disciplina. Concretament del<strong> CEGVA<\/strong> hi prendran part 20 patinadors: <strong>Daniel Odriozola, Telmo Ripa, Nora Ripa, Nora Olivella, Irena Aris, J\u00falia Feixa, Jara Beso, Abril Pastor, Anne Ripa, Mart\u00ed Alonso, Naia Espa\u00f1a, Claudia Capdevila, Ana Chesa, Aina Masip, Ares Capdevila, Sara Monteagudo, Lucia S\u00e1nchez, Iria Espa\u00f1a, Griselda Serrallach i Alexandru Ilici.<\/strong> Representant a la secci\u00f3 de patinatge sobre gel del FC Barcelona hi aniran 19 patinadors i 13 patinadors del CEPAP.<\/p>\n ","protected":false},"excerpt":{"rendered":"<p>\u2022 Hi participaran un total de 70 patinadors i patinadores (20 del CEGVA, 19 del FC Barcelona i 13 del CEPAP). &nbsp; El Palai de G\u00e8u de Vielha acollir\u00e0 aquest cap de setmana, 7 i 8 de novembre, la Copa CEGVA de patinatge art\u00edstic sobre gel, primera prova puntuable de la Lliga Catalana de Patinatge&#8230;<\/p>\n","protected":false},"author":2,"featured_media":8750,"comment_status":"closed","ping_status":"closed","sticky":false,"template":"","format":"standard","meta":{"footnotes":""},"categories":[31,33,36],"tags":[],"_links":{"self":[{"href":"https:\/\/www.conselharan.org\/ca\/wp-json\/wp\/v2\/posts\/8752"}],"collection":[{"href":"https:\/\/www.conselharan.org\/ca\/wp-json\/wp\/v2\/posts"}],"about":[{"href":"https:\/\/www.conselharan.org\/ca\/wp-json\/wp\/v2\/types\/post"}],"author":[{"embeddable":true,"href":"https:\/\/www.conselharan.org\/ca\/wp-json\/wp\/v2\/users\/2"}],"replies":[{"embeddable":true,"href":"https:\/\/www.conselharan.org\/ca\/wp-json\/wp\/v2\/comments?post=8752"}],"version-history":[{"count":1,"href":"https:\/\/www.conselharan.org\/ca\/wp-json\/wp\/v2\/posts\/8752\/revisions"}],"predecessor-version":[{"id":8753,"href":"https:\/\/www.conselharan.org\/ca\/wp-json\/wp\/v2\/posts\/8752\/revisions\/8753"}],"wp:featuredmedia":[{"embeddable":true,"href":"https:\/\/www.conselharan.org\/ca\/wp-json\/wp\/v2\/media\/8750"}],"wp:attachment":[{"href":"https:\/\/www.conselharan.org\/ca\/wp-json\/wp\/v2\/media?parent=8752"}],"wp:term":[{"taxonomy":"category","embeddable":true,"href":"https:\/\/www.conselharan.org\/ca\/wp-json\/wp\/v2\/categories?post=8752"},{"taxonomy":"post_tag","embeddable":true,"href":"https:\/\/www.conselharan.org\/ca\/wp-json\/wp\/v2\/tags?post=8752"}],"curies":[{"name":"wp","href":"https:\/\/api.w.org\/{rel}","templated":true}]}}