{"id":8761,"date":"2015-11-06T08:00:33","date_gmt":"2015-11-06T07:00:33","guid":{"rendered":"http:\/\/www.conselharan.org\/ca\/?p=8761"},"modified":"2015-11-06T15:59:06","modified_gmt":"2015-11-06T14:59:06","slug":"el-freerider-aranes-aymar-navarro-obre-un-nou-canal-als-andes-argentins-canal-de-les","status":"publish","type":"post","link":"https:\/\/www.conselharan.org\/ca\/el-freerider-aranes-aymar-navarro-obre-un-nou-canal-als-andes-argentins-canal-de-les\/","title":{"rendered":"El freerider aran\u00e8s Aymar Navarro obre un nou canal als Andes Argentins: Canal de Les"},"content":{"rendered":"<p>\u2022<strong> Aymar va batejar aquesta nova ruta com a Canal de Les, en honor a la seva localitat natal de la Val d\u2019Aran, Les.<\/strong><\/p>\n<p><a href=\"http:\/\/www.conselharan.org\/wp-content\/uploads\/2015\/11\/Aymar_canal-Les_1.jpg\"><img loading=\"lazy\" decoding=\"async\" class=\"aligncenter size-large wp-image-8757\" src=\"http:\/\/www.conselharan.org\/wp-content\/uploads\/2015\/11\/Aymar_canal-Les_1-972x1024.jpg\" alt=\"Aymar_canal Les_1\" width=\"972\" height=\"1024\" srcset=\"https:\/\/www.conselharan.org\/wp-content\/uploads\/2015\/11\/Aymar_canal-Les_1-972x1024.jpg 972w, https:\/\/www.conselharan.org\/wp-content\/uploads\/2015\/11\/Aymar_canal-Les_1-285x300.jpg 285w, https:\/\/www.conselharan.org\/wp-content\/uploads\/2015\/11\/Aymar_canal-Les_1.jpg 1033w\" sizes=\"(max-width: 972px) 100vw, 972px\" \/><\/a><\/p>\n<p>El passat mes de juliol el freerider aran\u00e8s, <strong>Aymar Navarro Combali\u00e9,<\/strong> va viatjar a Buenos Aires per descobrir noves rutes en els Andes Argentins, prop de la ciutat de Mendoza, un dels llocs triats pels freeriders m\u00e9s atrevits a causa de la seva magnitud.<\/p>\n<p>Algunes de les borrasques van arribar a deixar un metre i mig de neu en poc menys de 24 hores, la qual cosa va fer possible que <strong>Aymar<\/strong> pogu\u00e9s repetir l\u00ednies que feia molts anys que no es podien realitzar a causa de la falta de neu. <strong>Aymar<\/strong> va obrir una nova ruta al costat del seu company americ\u00e0, <strong>Dorian Densmore,<\/strong> despr\u00e9s d&#8217;un per\u00edode d&#8217;investigaci\u00f3, donades les desconegudes i perilloses condicions del lloc.<\/p>\n<p><a href=\"http:\/\/www.conselharan.org\/wp-content\/uploads\/2015\/11\/Aymar_canal-Les_2.jpg\"><img loading=\"lazy\" decoding=\"async\" class=\"aligncenter size-large wp-image-8758\" src=\"http:\/\/www.conselharan.org\/wp-content\/uploads\/2015\/11\/Aymar_canal-Les_2-1024x770.jpg\" alt=\"Aymar_canal Les_2\" width=\"1024\" height=\"770\" srcset=\"https:\/\/www.conselharan.org\/wp-content\/uploads\/2015\/11\/Aymar_canal-Les_2-1024x770.jpg 1024w, https:\/\/www.conselharan.org\/wp-content\/uploads\/2015\/11\/Aymar_canal-Les_2-300x225.jpg 300w, https:\/\/www.conselharan.org\/wp-content\/uploads\/2015\/11\/Aymar_canal-Les_2.jpg 1284w\" sizes=\"(max-width: 1024px) 100vw, 1024px\" \/><\/a><\/p>\n<p><strong>\u201cAquesta temporada, a part de fer les t\u00edpiques i m\u00edtiques l\u00ednies que hi ha per la zona, m&#8217;he dedicat a investigar amb altres companys i con\u00e8ixer llocs nous, alguns com el Canal de Les sense cap descens fet fins avui\u201d<\/strong>, declarava <strong>Aymar Navarro<\/strong> per The North Face.<\/p>\n<p><a href=\"http:\/\/www.conselharan.org\/wp-content\/uploads\/2015\/11\/Aymar_canal-Les_3.jpg\"><img loading=\"lazy\" decoding=\"async\" class=\"aligncenter size-large wp-image-8759\" src=\"http:\/\/www.conselharan.org\/wp-content\/uploads\/2015\/11\/Aymar_canal-Les_3-1024x539.jpg\" alt=\"Aymar_canal Les_3\" width=\"1024\" height=\"539\" srcset=\"https:\/\/www.conselharan.org\/wp-content\/uploads\/2015\/11\/Aymar_canal-Les_3-1024x539.jpg 1024w, https:\/\/www.conselharan.org\/wp-content\/uploads\/2015\/11\/Aymar_canal-Les_3-300x158.jpg 300w, https:\/\/www.conselharan.org\/wp-content\/uploads\/2015\/11\/Aymar_canal-Les_3.jpg 1334w\" sizes=\"(max-width: 1024px) 100vw, 1024px\" \/><\/a><\/p>\n<p><strong>\u201cNo ha estat f\u00e0cil ja que vam fer un estudi previ l&#8217;any passat. Vaig trobar la Canal i vaig baixar fins a la meitat, per\u00f2 amb piolet i grampons, per poder investigar-ho i obtenir una mica mes d&#8217;informaci\u00f3. Aquest any hem estat mirant fotos, pujant a les muntanyes del front per veure l&#8217;estat de la Canal i, com no, controlant molt l&#8217;estat de la neu, ja que una vegada dins d&#8217;aquest min\u00fascul canal on en molts trams no entren els esqu\u00eds, hav\u00edem de &#8220;destrepar&#8221; en un mix (neu \/roca) per poder seguir amb el descens sense treure els esqu\u00eds\u201d<\/strong>, seguia <strong>Aymar. \u201cVa haver-hi moments tibants i de por tamb\u00e9 ja que, el pendent \u00e9s una constant de 55\u00ba-60\u00ba fins que acaba\u201d.<\/strong><\/p>\n<p><strong>Aymar,<\/strong> que ha dedicat tota la seva vida a l&#8217;esqu\u00ed m\u00e9s extrem, afici\u00f3 que va comen\u00e7ar des de molt petit, ha volgut rememorar els seus or\u00edgens batejant aquesta nova ruta com a Canal de Les, en honor a la seva localitat natal de la Val d\u2019Aran, Les.<\/p>\n<p>Link video: <a href=\"https:\/\/www.facebook.com\/aymarnavarrofreeride\/videos\/vb.127444957341846\/926537970765870\/?type=2&amp;theater\" target=\"_blank\">\u00a0https:\/\/www.facebook.com\/aymarnavarrofreeride\/videos\/vb.127444957341846\/926537970765870\/?type=2&amp;theater<\/a><\/p>\n<p><strong>Aymar<\/strong> competeix en el m\u00e9s alt nivell, havent aconseguit resultats entre els 10 primers classificats de la m\u00e0xima competici\u00f3 de la Freeride World Tour.<\/p>\n<p>El vicesindic d&#8217;Aran i conselh\u00e8r d&#8217;Esports, <strong>Lu\u00eds Carlos Medina<\/strong>, ha assenyalat <strong>\u201cAymar s&#8217;est\u00e0 consolidant com un dels millors riders del panorama internacional i \u00e9s un orgull que porti el territori de la Val d\u2019Aran arreu del m\u00f3n\u201d.<\/strong><\/p>\n<p><strong>Aymar Navarro<\/strong>, va signar un conveni amb el Conselh Generau d\u2019Aran per promocionar la destinaci\u00f3 tur\u00edstica esportiva Val d\u2019Aran pel m\u00f3n, representada en la imatge i en els valors del freerider.<\/p>\n ","protected":false},"excerpt":{"rendered":"<p>\u2022 Aymar va batejar aquesta nova ruta com a Canal de Les, en honor a la seva localitat natal de la Val d\u2019Aran, Les. El passat mes de juliol el freerider aran\u00e8s, Aymar Navarro Combali\u00e9, va viatjar a Buenos Aires per descobrir noves rutes en els Andes Argentins, prop de la ciutat de Mendoza, un&#8230;<\/p>\n","protected":false},"author":2,"featured_media":8757,"comment_status":"closed","ping_status":"closed","sticky":false,"template":"","format":"standard","meta":{"footnotes":""},"categories":[31,33,36],"tags":[],"_links":{"self":[{"href":"https:\/\/www.conselharan.org\/ca\/wp-json\/wp\/v2\/posts\/8761"}],"collection":[{"href":"https:\/\/www.conselharan.org\/ca\/wp-json\/wp\/v2\/posts"}],"about":[{"href":"https:\/\/www.conselharan.org\/ca\/wp-json\/wp\/v2\/types\/post"}],"author":[{"embeddable":true,"href":"https:\/\/www.conselharan.org\/ca\/wp-json\/wp\/v2\/users\/2"}],"replies":[{"embeddable":true,"href":"https:\/\/www.conselharan.org\/ca\/wp-json\/wp\/v2\/comments?post=8761"}],"version-history":[{"count":1,"href":"https:\/\/www.conselharan.org\/ca\/wp-json\/wp\/v2\/posts\/8761\/revisions"}],"predecessor-version":[{"id":8762,"href":"https:\/\/www.conselharan.org\/ca\/wp-json\/wp\/v2\/posts\/8761\/revisions\/8762"}],"wp:featuredmedia":[{"embeddable":true,"href":"https:\/\/www.conselharan.org\/ca\/wp-json\/wp\/v2\/media\/8757"}],"wp:attachment":[{"href":"https:\/\/www.conselharan.org\/ca\/wp-json\/wp\/v2\/media?parent=8761"}],"wp:term":[{"taxonomy":"category","embeddable":true,"href":"https:\/\/www.conselharan.org\/ca\/wp-json\/wp\/v2\/categories?post=8761"},{"taxonomy":"post_tag","embeddable":true,"href":"https:\/\/www.conselharan.org\/ca\/wp-json\/wp\/v2\/tags?post=8761"}],"curies":[{"name":"wp","href":"https:\/\/api.w.org\/{rel}","templated":true}]}}