{"id":8769,"date":"2015-11-06T16:09:01","date_gmt":"2015-11-06T15:09:01","guid":{"rendered":"http:\/\/www.conselharan.org\/ca\/?p=8769"},"modified":"2015-11-06T16:09:01","modified_gmt":"2015-11-06T15:09:01","slug":"el-poble-de-les-organitza-un-homenatge-als-esportistes-aranesos-aymar-navarro-i-nacho-sacau","status":"publish","type":"post","link":"https:\/\/www.conselharan.org\/ca\/el-poble-de-les-organitza-un-homenatge-als-esportistes-aranesos-aymar-navarro-i-nacho-sacau\/","title":{"rendered":"El poble de Les organitza un homenatge als esportistes aranesos Aymar Navarro i Nacho Sacau"},"content":{"rendered":"<ul>\n<li><strong>Dem\u00e0 dissabte, 7 de novembre, l\u2019Ajuntament de Les ha organitzat un acte d\u2019homenatge a dos dels seus habitants, Aymar Navarro i Nacho Sacau.<\/strong><\/li>\n<\/ul>\n<p><a href=\"http:\/\/www.conselharan.org\/wp-content\/uploads\/2015\/11\/poster-homenatge-aymar-i-nacho.jpg\"><img loading=\"lazy\" decoding=\"async\" class=\"aligncenter size-full wp-image-8767\" src=\"http:\/\/www.conselharan.org\/wp-content\/uploads\/2015\/11\/poster-homenatge-aymar-i-nacho.jpg\" alt=\"poster homenatge aymar i nacho\" width=\"672\" height=\"960\" srcset=\"https:\/\/www.conselharan.org\/wp-content\/uploads\/2015\/11\/poster-homenatge-aymar-i-nacho.jpg 672w, https:\/\/www.conselharan.org\/wp-content\/uploads\/2015\/11\/poster-homenatge-aymar-i-nacho-210x300.jpg 210w\" sizes=\"(max-width: 672px) 100vw, 672px\" \/><\/a><\/p>\n<p>Es tracta d\u2019un reconeixement pels m\u00e8rits esportius assolits, per part de la Vila de Les a l\u2019Aymar Navarro i al Nacho Sacau.<\/p>\n<p>L\u2019<strong>Aymar Navarro<\/strong>\u00a0\u00e9s freerider professional, competeix en el Freeride Wolrd Tour, considerat el millor freerider nacional i un dels millors a nivel europeu. Aquest estiu va estar fent pre-temporada a Sud America, all\u00e0 era hivern i va poder trobar unes condicions de neu espectaculars. Va poder obrir una baixada extrema, es a dir, un descens verge que mai ning\u00fa havia fet abans. Aquesta baixada est\u00e0 situada als Andes, prop de la estaci\u00f3 d\u2019esqu\u00ed de \u201cLas Le\u00f1as\u201d, es tracta d\u2019una baixada molt t\u00e8cnica i d\u2019acc\u00e9s dif\u00edcil i remot. L\u2019Aymar Navarro, juntament amb un company americ\u00e0, quan van realitzar el descens van batejar-la com: \u201cCanal de Les\u201d, en honor al seu poble natal.<\/p>\n<p>El <strong>Nacho Sacau<\/strong>\u00a0\u00e9s un alpinista no-professional, per\u00f2 no obstant aix\u00f2 aquest estiu va assolir juntament amb un grup redu\u00eft d\u2019alpinistes el cim del Nun de 7135m (India). El Nacho Sacau es un intr\u00e8pid aventurer i esportista, tots els esports que es poden practicar a la muntanya ell els practica, destaca per la seva polival\u00e8ncia i sobretot per ser un dels m\u00e0xims coneixedors de les vies d\u2019escalada en roca i en gel de la Val d\u2019Aran. Col\u2022labora amb l\u2019Ajuntament de Les en equipar i revisar les instal\u2022lacions d\u2019escalada del municipi, aix\u00ed com col\u2022labora en l\u2019equipament d\u2019altres modalitats com el barranquisme i vies ferrades.<\/p>\n<p>Aquest passat dissabte el Nacho va organitzar una sortida especial, fer la via ferrada de Les de nit. Va equipar la via amb il\u2022luminaci\u00f3 i va proveir de material a les persones que no disposaven d\u2019aquest material t\u00e8cnic. Van participat 35 persones, m\u00e9s de les previstes, fet que demostra que aquesta activitat va ser tot un \u00e8xit.<\/p>\n ","protected":false},"excerpt":{"rendered":"<p>Dem\u00e0 dissabte, 7 de novembre, l\u2019Ajuntament de Les ha organitzat un acte d\u2019homenatge a dos dels seus habitants, Aymar Navarro i Nacho Sacau. Es tracta d\u2019un reconeixement pels m\u00e8rits esportius assolits, per part de la Vila de Les a l\u2019Aymar Navarro i al Nacho Sacau. L\u2019Aymar Navarro\u00a0\u00e9s freerider professional, competeix en el Freeride Wolrd Tour,&#8230;<\/p>\n","protected":false},"author":2,"featured_media":8767,"comment_status":"closed","ping_status":"closed","sticky":false,"template":"","format":"standard","meta":{"footnotes":""},"categories":[31,33,36],"tags":[],"_links":{"self":[{"href":"https:\/\/www.conselharan.org\/ca\/wp-json\/wp\/v2\/posts\/8769"}],"collection":[{"href":"https:\/\/www.conselharan.org\/ca\/wp-json\/wp\/v2\/posts"}],"about":[{"href":"https:\/\/www.conselharan.org\/ca\/wp-json\/wp\/v2\/types\/post"}],"author":[{"embeddable":true,"href":"https:\/\/www.conselharan.org\/ca\/wp-json\/wp\/v2\/users\/2"}],"replies":[{"embeddable":true,"href":"https:\/\/www.conselharan.org\/ca\/wp-json\/wp\/v2\/comments?post=8769"}],"version-history":[{"count":1,"href":"https:\/\/www.conselharan.org\/ca\/wp-json\/wp\/v2\/posts\/8769\/revisions"}],"predecessor-version":[{"id":8770,"href":"https:\/\/www.conselharan.org\/ca\/wp-json\/wp\/v2\/posts\/8769\/revisions\/8770"}],"wp:featuredmedia":[{"embeddable":true,"href":"https:\/\/www.conselharan.org\/ca\/wp-json\/wp\/v2\/media\/8767"}],"wp:attachment":[{"href":"https:\/\/www.conselharan.org\/ca\/wp-json\/wp\/v2\/media?parent=8769"}],"wp:term":[{"taxonomy":"category","embeddable":true,"href":"https:\/\/www.conselharan.org\/ca\/wp-json\/wp\/v2\/categories?post=8769"},{"taxonomy":"post_tag","embeddable":true,"href":"https:\/\/www.conselharan.org\/ca\/wp-json\/wp\/v2\/tags?post=8769"}],"curies":[{"name":"wp","href":"https:\/\/api.w.org\/{rel}","templated":true}]}}