{"id":8789,"date":"2015-11-09T15:30:33","date_gmt":"2015-11-09T14:30:33","guid":{"rendered":"http:\/\/www.conselharan.org\/ca\/eth-sindic-daran-presidis-era-comission-de-viabilitat-dera-carretera-n-230\/"},"modified":"2015-11-09T15:30:33","modified_gmt":"2015-11-09T14:30:33","slug":"eth-sindic-daran-presidis-era-comission-de-viabilitat-dera-carretera-n-230","status":"publish","type":"post","link":"https:\/\/www.conselharan.org\/ca\/eth-sindic-daran-presidis-era-comission-de-viabilitat-dera-carretera-n-230\/","title":{"rendered":"Eth sindic d\u2019Aran presid\u00eds era comission de viabilitat dera carret\u00e8ra N-230"},"content":{"rendered":"<p>\u2022 <strong>Aguesta comission se realize cada an abans dera sason d\u2019iu\u00e8rn ent\u00e0 per&#8217;mor de coordinar es accions ena N-230.<\/strong><\/p>\n<p><a href=\"http:\/\/www.conselharan.org\/wp-content\/uploads\/2015\/11\/DSC_0491.jpg\"><img loading=\"lazy\" decoding=\"async\" class=\"aligncenter size-large wp-image-8786\" src=\"http:\/\/www.conselharan.org\/wp-content\/uploads\/2015\/11\/DSC_0491-1024x620.jpg\" alt=\"DSC_0491\" width=\"1024\" height=\"620\" srcset=\"https:\/\/www.conselharan.org\/wp-content\/uploads\/2015\/11\/DSC_0491-1024x620.jpg 1024w, https:\/\/www.conselharan.org\/wp-content\/uploads\/2015\/11\/DSC_0491-300x182.jpg 300w\" sizes=\"(max-width: 1024px) 100vw, 1024px\" \/><\/a><\/p>\n<p>&nbsp;<\/p>\n<p>Au\u00e9 deluns, dia 9 de noveme, s\u2019a celebrat en Conselh Generau d\u2019Aran era comission de viabilitat dera N-230 presidida peth sindic d\u2019Aran,<strong> Carlos Barrera,<\/strong> e a on an assistit era conselh\u00e8ra de Torisme e Desvolopament Economic d\u2019Aran, <strong>Anna D\u00edaz<\/strong>, eth baile de Vielha e Mijaran,<strong> Juan A. Serrano<\/strong>, eth baile de Boss\u00f2st,<strong> Amador Marqu\u00e9s<\/strong>, eth baile de Les,<strong> Emilio Medan<\/strong>, atau coma representants deth <strong>Minist\u00e8ri de Foment<\/strong> e des c\u00f2ssi de seguretat e emerg\u00e9ncia des <strong>Mossos d&#8217;Esquadra<\/strong> e <strong>Pompi\u00e8rs d&#8217;Aran<\/strong>.<\/p>\n<p>Aguesta comission se realize cada an abans dera sason d\u2019iu\u00e8rn ent\u00e0 per&#8217;mor de coordinar es accions ena N-230.<\/p>\n<p><strong>\u201cEra Val d\u2019Aran a de conv\u00eduer damb eth sector deth transp\u00f2rt, era N-230 ath s\u00f2n pas per Aran la transiten ua mieja de 400 camions diaris, m\u00e8s a\u00e7\u00f2 non a d\u2019\u00e8ster un obstacle ent\u00e0 \u00e8ster m\u00e8s efectius e operatius ara ora de dar solucion as possibles afectacions coma conseq\u00fc\u00e9ncia des nheuades e era sua incid\u00e9ncia ena mobilitat interior dera Val d\u2019Aran\u201d<\/strong> a manifestat eth sindic d\u2019Aran, <strong>Carlos Barrera.<\/strong><\/p>\n<p>Ena amassada de coordinacion deth 2014 se deman\u00e8c ath Ministerio de Fomento mielhorar era limpiesa dera N-230 en tram Vielha- Baish Aran. Eth Ministerio dej\u00e0 a constru\u00eft en Aub\u00e8rt un equipament entath dip\u00f2sit de sau qu\u2019a de perm\u00e9ter eliminar era ora d\u2019interropcion de limpiesa qu\u2019ei eth temps que demorauen es camions en carregar eth s\u00f2n dip\u00f2sit de sau existent ena Boca N\u00f2rd deth tun\u00e8l de Vielha e tornar a \u00e9ster operatius en tram Vielha- Baish Aran.<\/p>\n<p>Enguan, es compromisi deth Ministerio de Fomento an estat:<\/p>\n<p>&#8211; Limpiesa d\u2019arbes en tram dera N-230 (Parador de Vielha- Boca N\u00f2rd tun\u00e8l de Vielha)<br \/>\n&#8211; Equipament d\u2019un dip\u00f2sit de sau en Aub\u00e8rt que dar\u00e0 servici ara N-230 en Baish Aran (dej\u00e0 constru\u00eft e operatiu aguest iu\u00e8rn).<\/p>\n<p>Eth Ministerio a demanat era colaboracion deth Conselh Generau d\u2019Aran ent\u00e0 cercar ua z\u00f2na de parcatge entath transp\u00f2rt pesat prop\u00e8ra ara termi\u00e8ra damb Fran\u00e7a t\u00e0 evitar colapses enes poblacions de Boss\u00f2st e Les.<\/p>\n<p>Se mant\u00eden es restriccions ena N-230 ath s\u00f2n pas pera Val d\u2019Aran:<\/p>\n<p><strong>TRANSP\u00d2RT MERCADERIES +7.500Kg. MMA<\/strong><\/p>\n<p><em>Diuendres<\/em> (Sentit Fran\u00e7a)<br \/>\nEnquiath 27\/03<br \/>\nDeth 04\/12 ath 18\/12<br \/>\nDe<strong> 19:00 a 22:00 ores<\/strong>.<\/p>\n<p><em>Dissabtes<\/em><br \/>\nEnquiath 28\/03<br \/>\nDeth 05\/12 ath 26\/12<br \/>\nDer 11\/07 ath 12\/09<br \/>\nDe <strong>08:00 a 12:00 ores<\/strong>.<\/p>\n<p><em>Dimenges e h\u00e8stius<\/em><br \/>\nEnquiath 29\/03<br \/>\nDeth 06\/12 ath 27\/12<br \/>\nDeth 12\/07 ath 06\/09<br \/>\nDe <strong>16:00 a 20:00 ore<\/strong>s<\/p>\n<p><em>Setmana Santa e Constitucion:<\/em><br \/>\n\uf0fc Dijaus 02\/04<br \/>\nDe <strong>19:00 a 20:00 ore<\/strong>s Sentit Vielha<br \/>\n\uf0fc Diuendres 03\/04<br \/>\nDe <strong>08:00 a 12:00 ores<\/strong><br \/>\n\uf0fc Dimenge 05\/04<br \/>\nDe <strong>16:00 a 20:00 ores<\/strong><br \/>\n\uf0fc Deluns 06\/04<br \/>\nDe <strong>16:00 a 20:00 ores<\/strong><br \/>\n\uf0fc Dissabte 05\/12<br \/>\nDe<strong> 08:00 a 20:00 ores<\/strong><br \/>\n\uf0fc Dimenge 13\/09<br \/>\nDe <strong>16:00 a 20:00 ores<\/strong><\/p>\n ","protected":false},"excerpt":{"rendered":"<p>\u2022 Aguesta comission se realize cada an abans dera sason d\u2019iu\u00e8rn ent\u00e0 per&#8217;mor de coordinar es accions ena N-230. &nbsp; Au\u00e9 deluns, dia 9 de noveme, s\u2019a celebrat en Conselh Generau d\u2019Aran era comission de viabilitat dera N-230 presidida peth sindic d\u2019Aran, Carlos Barrera, e a on an assistit era conselh\u00e8ra de Torisme e Desvolopament&#8230;<\/p>\n","protected":false},"author":2,"featured_media":0,"comment_status":"closed","ping_status":"closed","sticky":false,"template":"","format":"standard","meta":{"footnotes":""},"categories":[31,53,33,36],"tags":[],"_links":{"self":[{"href":"https:\/\/www.conselharan.org\/ca\/wp-json\/wp\/v2\/posts\/8789"}],"collection":[{"href":"https:\/\/www.conselharan.org\/ca\/wp-json\/wp\/v2\/posts"}],"about":[{"href":"https:\/\/www.conselharan.org\/ca\/wp-json\/wp\/v2\/types\/post"}],"author":[{"embeddable":true,"href":"https:\/\/www.conselharan.org\/ca\/wp-json\/wp\/v2\/users\/2"}],"replies":[{"embeddable":true,"href":"https:\/\/www.conselharan.org\/ca\/wp-json\/wp\/v2\/comments?post=8789"}],"version-history":[{"count":0,"href":"https:\/\/www.conselharan.org\/ca\/wp-json\/wp\/v2\/posts\/8789\/revisions"}],"wp:attachment":[{"href":"https:\/\/www.conselharan.org\/ca\/wp-json\/wp\/v2\/media?parent=8789"}],"wp:term":[{"taxonomy":"category","embeddable":true,"href":"https:\/\/www.conselharan.org\/ca\/wp-json\/wp\/v2\/categories?post=8789"},{"taxonomy":"post_tag","embeddable":true,"href":"https:\/\/www.conselharan.org\/ca\/wp-json\/wp\/v2\/tags?post=8789"}],"curies":[{"name":"wp","href":"https:\/\/api.w.org\/{rel}","templated":true}]}}