{"id":8806,"date":"2015-11-11T11:48:37","date_gmt":"2015-11-11T10:48:37","guid":{"rendered":"http:\/\/www.conselharan.org\/ca\/?p=8806"},"modified":"2015-11-11T11:48:37","modified_gmt":"2015-11-11T10:48:37","slug":"el-govern-de-la-generalitat-de-catalunya-aprova-lampliacio-de-laportacio-economica-transferida-al-conselh-generau-daran-en-materia-de-sanitat","status":"publish","type":"post","link":"https:\/\/www.conselharan.org\/ca\/el-govern-de-la-generalitat-de-catalunya-aprova-lampliacio-de-laportacio-economica-transferida-al-conselh-generau-daran-en-materia-de-sanitat\/","title":{"rendered":"El Govern de la Generalitat de Catalunya aprova l&#8217;ampliaci\u00f3 de l&#8217;aportaci\u00f3 econ\u00f2mica transferida al Conselh Generau d&#8217;Aran en mat\u00e8ria de sanitat"},"content":{"rendered":"<p><strong>\u2022 Es destinaran 304.452 euros anuals a fer front a l\u2019increment de serveis en cirurgia ortop\u00e8dica, traumatologia i oncologia que presta l\u2019Espitau Val d\u2019Aran<\/strong><\/p>\n<p><a href=\"http:\/\/www.conselharan.org\/wp-content\/uploads\/2015\/11\/sindic.jpg\"><img loading=\"lazy\" decoding=\"async\" class=\"aligncenter size-large wp-image-8804\" src=\"http:\/\/www.conselharan.org\/wp-content\/uploads\/2015\/11\/sindic-1024x687.jpg\" alt=\"sindic\" width=\"1024\" height=\"687\" srcset=\"https:\/\/www.conselharan.org\/wp-content\/uploads\/2015\/11\/sindic-1024x687.jpg 1024w, https:\/\/www.conselharan.org\/wp-content\/uploads\/2015\/11\/sindic-300x201.jpg 300w\" sizes=\"(max-width: 1024px) 100vw, 1024px\" \/><\/a><\/p>\n<p><em>Imatge d&#8217;arxiu del sindic d&#8217;Aran, Carlos Barrera.<\/em><\/p>\n<p>&nbsp;<\/p>\n<p>El Govern de la Generalitat ha aprovat el decret que permet ampliar l\u2019aportaci\u00f3 econ\u00f2mica de la Generalitat per al finan\u00e7ament de les compet\u00e8ncies transferides al Conselh Generau d\u2019Aran en mat\u00e8ria de sanitat. L&#8217;import de l&#8217;ampliaci\u00f3 \u00e9s de <strong>304.452 euros anuals<\/strong>, destinats a fer front a l\u2019increment del nombre i de la complexitat de les actuacions sanit\u00e0ries en cirurgia ortop\u00e8dica, traumatologia i oncologia que presta l\u2019Espitau Val d\u2019Aran.<\/p>\n<p>Amb aquest decret, el Govern ratifica l\u2019acord adoptat durant la reuni\u00f3 de la Comissi\u00f3 Bilateral Govern de la Generalitat\u2013 Conselh Generau d\u2019Aran, presidida per la consellera de Governaci\u00f3 i Relacions Institucionals, <strong>Meritxell Borr\u00e0s<\/strong>, i el sindic d\u2019Aran, <strong>Carlos Barrera,<\/strong> el 29 de juliol de 2015.<\/p>\n<p>La Comissi\u00f3 Bilateral Govern de la Generalitat \u2013 Conselh Generau d\u2019Aran \u00e9s l\u2019\u00f2rgan permanent de relaci\u00f3 entre els governs i les administracions de la Generalitat i d\u2019Aran i t\u00e9 entre les seves funcions l\u2019adopci\u00f3 dels acords de transfer\u00e8ncia de compet\u00e8ncies o traspassos de b\u00e9ns i serveis que corresponguin.<\/p>\n<p><strong>Carlos Barrera<\/strong>, sindic d\u2019Aran, ha manifestat <strong>\u201camb aquesta ampliaci\u00f3 de l\u2019aportaci\u00f3 econ\u00f2mica en sanitat es garanteix la continu\u00eftat a un servei essencial\u201d. Barrera<\/strong> ha afegit <strong>\u201cel Gov\u00e8rn aran\u00e8s prioritza el treball dirigit a establir un model de finan\u00e7ament estable i benefici\u00f3s pel pa\u00eds, \u00e9s b\u00e0sic per la Val d\u2019Aran, pel desplegament del seu autogovern i pel benestar dels nostres ve\u00efns i ve\u00efnes\u201d.<\/strong><\/p>\n<p>El c\u00e0lcul d\u2019aquesta dotaci\u00f3 econ\u00f2mica s\u2019ha establert per a tota l\u2019anualitat i aquest acord \u00e9s efectiu des de l\u20191 de gener de 2015. Per a l\u2019exercici 2015, aquest import anir\u00e0 a c\u00e0rrec del Departament de Salut. Per a exercicis futurs, aquest import s\u2019incorporar\u00e0 al cap\u00edtol espec\u00edfic dels Pressupostos de la Generalitat per al finan\u00e7ament del Conselh Generau d\u2019Aran, i anir\u00e0 a c\u00e0rrec del Departament competent en mat\u00e8ria de relacions entre la Generalitat i el Conselh.<\/p>\n ","protected":false},"excerpt":{"rendered":"<p>\u2022 Es destinaran 304.452 euros anuals a fer front a l\u2019increment de serveis en cirurgia ortop\u00e8dica, traumatologia i oncologia que presta l\u2019Espitau Val d\u2019Aran Imatge d&#8217;arxiu del sindic d&#8217;Aran, Carlos Barrera. &nbsp; El Govern de la Generalitat ha aprovat el decret que permet ampliar l\u2019aportaci\u00f3 econ\u00f2mica de la Generalitat per al finan\u00e7ament de les compet\u00e8ncies&#8230;<\/p>\n","protected":false},"author":2,"featured_media":8804,"comment_status":"closed","ping_status":"closed","sticky":false,"template":"","format":"standard","meta":{"footnotes":""},"categories":[31,53,33,36],"tags":[],"_links":{"self":[{"href":"https:\/\/www.conselharan.org\/ca\/wp-json\/wp\/v2\/posts\/8806"}],"collection":[{"href":"https:\/\/www.conselharan.org\/ca\/wp-json\/wp\/v2\/posts"}],"about":[{"href":"https:\/\/www.conselharan.org\/ca\/wp-json\/wp\/v2\/types\/post"}],"author":[{"embeddable":true,"href":"https:\/\/www.conselharan.org\/ca\/wp-json\/wp\/v2\/users\/2"}],"replies":[{"embeddable":true,"href":"https:\/\/www.conselharan.org\/ca\/wp-json\/wp\/v2\/comments?post=8806"}],"version-history":[{"count":1,"href":"https:\/\/www.conselharan.org\/ca\/wp-json\/wp\/v2\/posts\/8806\/revisions"}],"predecessor-version":[{"id":8807,"href":"https:\/\/www.conselharan.org\/ca\/wp-json\/wp\/v2\/posts\/8806\/revisions\/8807"}],"wp:featuredmedia":[{"embeddable":true,"href":"https:\/\/www.conselharan.org\/ca\/wp-json\/wp\/v2\/media\/8804"}],"wp:attachment":[{"href":"https:\/\/www.conselharan.org\/ca\/wp-json\/wp\/v2\/media?parent=8806"}],"wp:term":[{"taxonomy":"category","embeddable":true,"href":"https:\/\/www.conselharan.org\/ca\/wp-json\/wp\/v2\/categories?post=8806"},{"taxonomy":"post_tag","embeddable":true,"href":"https:\/\/www.conselharan.org\/ca\/wp-json\/wp\/v2\/tags?post=8806"}],"curies":[{"name":"wp","href":"https:\/\/api.w.org\/{rel}","templated":true}]}}