{"id":8816,"date":"2015-11-11T15:18:19","date_gmt":"2015-11-11T14:18:19","guid":{"rendered":"http:\/\/www.conselharan.org\/ca\/proclamadi-es-podis-dera-copa-cegva-inici-dera-liga-catalana-de-patinatge-artistic-sus-geu-2015-16\/"},"modified":"2015-11-11T15:18:19","modified_gmt":"2015-11-11T14:18:19","slug":"proclamadi-es-podis-dera-copa-cegva-inici-dera-liga-catalana-de-patinatge-artistic-sus-geu-2015-16","status":"publish","type":"post","link":"https:\/\/www.conselharan.org\/ca\/proclamadi-es-podis-dera-copa-cegva-inici-dera-liga-catalana-de-patinatge-artistic-sus-geu-2015-16\/","title":{"rendered":"Proclamadi es p\u00f2dis dera Copa CEGVA, inici dera Liga Catalana de Patinatge Artistic sus g\u00e8u 2015-16"},"content":{"rendered":"<p>\u2022<strong> I participauen 20 patinadors e patinadores deth CEGVA, 19 deth FC Barcelona e 13 deth CEPAP.<\/strong><\/p>\n<p><a href=\"http:\/\/www.conselharan.org\/wp-content\/uploads\/2015\/11\/copa-cegva.jpg\"><img loading=\"lazy\" decoding=\"async\" class=\"aligncenter size-large wp-image-8813\" src=\"http:\/\/www.conselharan.org\/wp-content\/uploads\/2015\/11\/copa-cegva-1024x768.jpg\" alt=\"copa cegva\" width=\"1024\" height=\"768\" srcset=\"https:\/\/www.conselharan.org\/wp-content\/uploads\/2015\/11\/copa-cegva-1024x768.jpg 1024w, https:\/\/www.conselharan.org\/wp-content\/uploads\/2015\/11\/copa-cegva-300x225.jpg 300w, https:\/\/www.conselharan.org\/wp-content\/uploads\/2015\/11\/copa-cegva.jpg 1600w\" sizes=\"(max-width: 1024px) 100vw, 1024px\" \/><\/a><\/p>\n<p>&nbsp;<\/p>\n<p>Eth Palai de G\u00e8u de Vielha acuelhec, es passadi 7 e 8 de noveme, era Copa CEGVA de patinatge artistic sus g\u00e8u, prum\u00e8ra pr\u00f2va puntuable dera Liga Catalana de Patinatge Artistic sus g\u00e8u 2015-2016, circuit qu&#8217;includ\u00eds ath del\u00e0 era Copa Puigcerd\u00e0, era Copa Canillo e era Copa Internacionau Ciutat de Barcelona.<\/p>\n<p>Organizada peth <strong>Club Esp\u00f2rts de G\u00e8u Val d&#8217;Aran (CEGVA) e era Federacion Catalana d\u2019Esp\u00f2rts d\u2019Iu\u00e8rn (FCEH)<\/strong>, era competicion amass\u00e8c un totau de 70 patinadors e patinadores apertenentes as clubs catalans CEGVA, FC Barcelona, e CEPAP e ath club andorran ACG.<\/p>\n<p>En <em>Advanced Novice Femenin<\/em>, era campiona siguec Ingrid Riera deth FCB, seguida d&#8217;Anna Bertran deth CEPAP e de M\u00f3nica Carratal\u00e0 deth FCB. En <em>Masculin<\/em>, eth pode siguec ent\u00e0s patinadors blaugranes Joan Farr\u00e9s (1\u00e8r) e Arnau Joly (2au).<\/p>\n<p>En <em>Alev\u00ed Femenin<\/em>, Annika Huestis deth FCB se port\u00e8c era 1a posicion, seguida dera sua companha de club Meritxell Moll\u00e0 e dera aranesa, <strong>Anne Ripa<\/strong> deth <strong>CEGVA<\/strong>. En <em>Masculin<\/em>, eth campion en solitari siguec er aran\u00e9s, <strong>Mart\u00ed Alonso<\/strong> deth <strong>CEGVA.<\/strong><\/p>\n<p>En <em>Basic Novice B Femenina<\/em>, eth p\u00f2di siguec blaugrana damb Erika Riera (1a), Fanny Mar\u00eda Aranda (2a) e Anna Royo (3a). En Masculin, eth p\u00f2di siguec deth CEPAP damb Eric Alis (1\u00e8r) e Jan Vilella (2au).<\/p>\n<p>En <em>Benjam\u00ed Femenin<\/em>, es araneses deth <strong>CEGVA, Irene Aris <\/strong>e<strong> Nora Olivella<\/strong> demor\u00e8ren 1a e 2a e Gabriela Orsoni deth CEPAP 3a.<\/p>\n<p>En <em>Cadet Femenin,<\/em> era campiona eth solitari siguec Maria Medina deth CEPAP, deth temps qu&#8217;en <em>Debs A Femenin<\/em>, eth 1\u00e8r e 2au l\u00f2c deth p\u00f2di siguec ent\u00e0 dues patinadores andorranes, In\u00e9s Caubet e Ione Cummins. Eth tresau l\u00f2c l&#8217;aucup\u00e8c era patinadora aranesa deth <strong>CEGVA, Naia Espa\u00f1a<\/strong>.<\/p>\n<p>En <em>Debs Femenin,<\/em> tot eth p\u00f2di siguec blaugrana dera man de J\u00falia Rodr\u00edguez (1a), Alexandra Mart\u00ednez (2a) e Berta Guinovart (3a).<\/p>\n<p>En <em>Debutant Femenin<\/em>, era campiona siguec Mariona Carpio deth CEPAP, seguida d&#8217;Ainara Zazo der ACG e de Judit Capaces deth CEPAP. En <em>Masculin<\/em>, Pau Vilella deth CEPAP se port\u00e8c era 1a posicion seguida der aran\u00e9s deth <strong>CEGVA, Telmo Ripa<\/strong>.<\/p>\n<p>Ena <em>Esc\u00f2la Femenin,<\/em> era guanhadora siguec era andorrana Emma Hidalgo, seguida dera patinadora deth CEPAP Laia Punt\u00ed e era andorrana Ariadna L\u00f3pez. En<em> Masculin<\/em>, trionf deth patinador andorran Raul Garc\u00eda der ACG, seguit der aran\u00e9s, <strong>Daniel Odriozola<\/strong> deth <strong>CEGVA<\/strong>.<\/p>\n<p>En <em>Infantil A Femenin<\/em>, era aranesa <strong>Ana Masip<\/strong> deth <strong>CEGVA<\/strong> se port\u00e8c era 1a posicion, seguida des patinadores andorranes Angela Camp e Catherine Capdevila.<\/p>\n<p>En <em>J\u00fanior ISU Femenin<\/em>, Laia Bertran deth CEPAP guanh\u00e8c, seguida dera andorrana Tania Margarido. En <em>Masculin<\/em>, er aran\u00e9s deth <strong>CEGVA, Alexandru Ilici<\/strong> siguec eth campion en solitari.<\/p>\n<p>Fin finau, en <em>J\u00fanior S\u00e8nior A Femenin<\/em>, era guanhadora en solitari siguec Ona Fern\u00e1ndez deth CEPAP.<\/p>\n ","protected":false},"excerpt":{"rendered":"<p>\u2022 I participauen 20 patinadors e patinadores deth CEGVA, 19 deth FC Barcelona e 13 deth CEPAP. &nbsp; Eth Palai de G\u00e8u de Vielha acuelhec, es passadi 7 e 8 de noveme, era Copa CEGVA de patinatge artistic sus g\u00e8u, prum\u00e8ra pr\u00f2va puntuable dera Liga Catalana de Patinatge Artistic sus g\u00e8u 2015-2016, circuit qu&#8217;includ\u00eds ath&#8230;<\/p>\n","protected":false},"author":2,"featured_media":0,"comment_status":"closed","ping_status":"closed","sticky":false,"template":"","format":"standard","meta":{"footnotes":""},"categories":[31,33,36],"tags":[],"_links":{"self":[{"href":"https:\/\/www.conselharan.org\/ca\/wp-json\/wp\/v2\/posts\/8816"}],"collection":[{"href":"https:\/\/www.conselharan.org\/ca\/wp-json\/wp\/v2\/posts"}],"about":[{"href":"https:\/\/www.conselharan.org\/ca\/wp-json\/wp\/v2\/types\/post"}],"author":[{"embeddable":true,"href":"https:\/\/www.conselharan.org\/ca\/wp-json\/wp\/v2\/users\/2"}],"replies":[{"embeddable":true,"href":"https:\/\/www.conselharan.org\/ca\/wp-json\/wp\/v2\/comments?post=8816"}],"version-history":[{"count":0,"href":"https:\/\/www.conselharan.org\/ca\/wp-json\/wp\/v2\/posts\/8816\/revisions"}],"wp:attachment":[{"href":"https:\/\/www.conselharan.org\/ca\/wp-json\/wp\/v2\/media?parent=8816"}],"wp:term":[{"taxonomy":"category","embeddable":true,"href":"https:\/\/www.conselharan.org\/ca\/wp-json\/wp\/v2\/categories?post=8816"},{"taxonomy":"post_tag","embeddable":true,"href":"https:\/\/www.conselharan.org\/ca\/wp-json\/wp\/v2\/tags?post=8816"}],"curies":[{"name":"wp","href":"https:\/\/api.w.org\/{rel}","templated":true}]}}