{"id":8822,"date":"2015-11-13T12:04:28","date_gmt":"2015-11-13T11:04:28","guid":{"rendered":"http:\/\/www.conselharan.org\/ca\/?p=8822"},"modified":"2015-11-13T12:04:45","modified_gmt":"2015-11-13T11:04:45","slug":"marato-de-donacio-de-sang-a-la-val-daran","status":"publish","type":"post","link":"https:\/\/www.conselharan.org\/ca\/marato-de-donacio-de-sang-a-la-val-daran\/","title":{"rendered":"Marat\u00f3 de donaci\u00f3 de sang a la Val d\u2019Aran"},"content":{"rendered":"<p><strong>\u2022 El Banc de Sang i Teixits i l\u2019Associaci\u00f3 de Donants de Sang dera Val d\u2019Aran han posat fil a l\u2019agulla per tal que la Marat\u00f3 de Donaci\u00f3 de Sang a l\u2019Aran sigui una jornada solid\u00e0ria, festiva i l\u00fadica.<\/strong><\/p>\n<p><strong>\u2022 Es dur\u00e0 a terme el dissabte, 14 de novembre, al Palai d\u2019Esp\u00f2rts de Vielha d\u201911:00 a 22:00 hores .<\/strong><\/p>\n<p><a href=\"http:\/\/www.conselharan.org\/wp-content\/uploads\/2015\/11\/20151113105108073.jpg\"><img loading=\"lazy\" decoding=\"async\" class=\"aligncenter size-large wp-image-8819\" src=\"http:\/\/www.conselharan.org\/wp-content\/uploads\/2015\/11\/20151113105108073-696x1024.jpg\" alt=\"20151113105108073\" width=\"696\" height=\"1024\" srcset=\"https:\/\/www.conselharan.org\/wp-content\/uploads\/2015\/11\/20151113105108073-696x1024.jpg 696w, https:\/\/www.conselharan.org\/wp-content\/uploads\/2015\/11\/20151113105108073-204x300.jpg 204w\" sizes=\"(max-width: 696px) 100vw, 696px\" \/><\/a><\/p>\n<p>&nbsp;<\/p>\n<p>Es tracta d\u2019una jornada en qu\u00e8 es combinaran les extraccions de sang amb m\u00faltiples activitats socioculturals amb la voluntat d\u2019implicar-hi el m\u00e0xim d\u2019entitats possibles de la Val d\u2019Aran.<\/p>\n<p>Un dels prop\u00f2sits d\u2019aquesta Marat\u00f3 \u00e9s facilitar al m\u00e0xim la donaci\u00f3 de sang. Amb aquesta finalitat es mobilitzar\u00e0 un ampli dispositiu log\u00edstic, t\u00e8cnic i hum\u00e0 per l\u2019ocasi\u00f3. Aquesta jornada solid\u00e0ria tamb\u00e9 t\u00e9 car\u00e0cter festiu: hi haur\u00e0 diverses activitats l\u00fadiques i culturals adre\u00e7ades a tota la poblaci\u00f3 amb la intenci\u00f3 d\u2019aconseguir el major nombre possible de donants.<\/p>\n<p><a href=\"http:\/\/www.conselharan.org\/wp-content\/uploads\/2015\/11\/PROGRAMA.jpg\"><img loading=\"lazy\" decoding=\"async\" class=\"aligncenter size-large wp-image-8820\" src=\"http:\/\/www.conselharan.org\/wp-content\/uploads\/2015\/11\/PROGRAMA-724x1024.jpg\" alt=\"PROGRAMA\" width=\"724\" height=\"1024\" srcset=\"https:\/\/www.conselharan.org\/wp-content\/uploads\/2015\/11\/PROGRAMA-724x1024.jpg 724w, https:\/\/www.conselharan.org\/wp-content\/uploads\/2015\/11\/PROGRAMA-212x300.jpg 212w\" sizes=\"(max-width: 724px) 100vw, 724px\" \/><\/a><\/p>\n<p>&nbsp;<\/p>\n<p>La marat\u00f3 es celebrar\u00e0 dem\u00e0 dissabte, 14 de novembre, al Palai d\u2019Esp\u00f2rts de Vielha. L\u2019horari \u00e9s des de les 11h00 del mat\u00ed fins a les 22h00 de la nit, de forma ininterrompuda.<\/p>\n<p>Els requisits m\u00ednims per donar sang s\u00f3n:<\/p>\n<p>tenir m\u00e9s de 18 anys<br \/>\npesar m\u00e9s de 50 quilos<br \/>\ngaudir de bona salut<\/p>\n<p>No s\u2019hi ha d\u2019anar en dej\u00fa.<br \/>\nLes dones poden fer tres donacions a l\u2019any i els homes fins a quatre.<\/p>\n<p>Si ja ets donant, ha d\u2019haver passat dos mesos des de l\u2019\u00faltima donaci\u00f3.<\/p>\n ","protected":false},"excerpt":{"rendered":"<p>\u2022 El Banc de Sang i Teixits i l\u2019Associaci\u00f3 de Donants de Sang dera Val d\u2019Aran han posat fil a l\u2019agulla per tal que la Marat\u00f3 de Donaci\u00f3 de Sang a l\u2019Aran sigui una jornada solid\u00e0ria, festiva i l\u00fadica. \u2022 Es dur\u00e0 a terme el dissabte, 14 de novembre, al Palai d\u2019Esp\u00f2rts de Vielha d\u201911:00&#8230;<\/p>\n","protected":false},"author":2,"featured_media":8819,"comment_status":"closed","ping_status":"closed","sticky":false,"template":"","format":"standard","meta":{"footnotes":""},"categories":[31,33,36],"tags":[],"_links":{"self":[{"href":"https:\/\/www.conselharan.org\/ca\/wp-json\/wp\/v2\/posts\/8822"}],"collection":[{"href":"https:\/\/www.conselharan.org\/ca\/wp-json\/wp\/v2\/posts"}],"about":[{"href":"https:\/\/www.conselharan.org\/ca\/wp-json\/wp\/v2\/types\/post"}],"author":[{"embeddable":true,"href":"https:\/\/www.conselharan.org\/ca\/wp-json\/wp\/v2\/users\/2"}],"replies":[{"embeddable":true,"href":"https:\/\/www.conselharan.org\/ca\/wp-json\/wp\/v2\/comments?post=8822"}],"version-history":[{"count":1,"href":"https:\/\/www.conselharan.org\/ca\/wp-json\/wp\/v2\/posts\/8822\/revisions"}],"predecessor-version":[{"id":8823,"href":"https:\/\/www.conselharan.org\/ca\/wp-json\/wp\/v2\/posts\/8822\/revisions\/8823"}],"wp:featuredmedia":[{"embeddable":true,"href":"https:\/\/www.conselharan.org\/ca\/wp-json\/wp\/v2\/media\/8819"}],"wp:attachment":[{"href":"https:\/\/www.conselharan.org\/ca\/wp-json\/wp\/v2\/media?parent=8822"}],"wp:term":[{"taxonomy":"category","embeddable":true,"href":"https:\/\/www.conselharan.org\/ca\/wp-json\/wp\/v2\/categories?post=8822"},{"taxonomy":"post_tag","embeddable":true,"href":"https:\/\/www.conselharan.org\/ca\/wp-json\/wp\/v2\/tags?post=8822"}],"curies":[{"name":"wp","href":"https:\/\/api.w.org\/{rel}","templated":true}]}}