{"id":8831,"date":"2015-11-13T14:25:39","date_gmt":"2015-11-13T13:25:39","guid":{"rendered":"http:\/\/www.conselharan.org\/ca\/?p=8831"},"modified":"2015-11-13T14:25:39","modified_gmt":"2015-11-13T13:25:39","slug":"el-conselh-generau-daran-renova-el-conveni-amb-lajuntament-de-vielha-e-mijaran-pel-financament-de-la-biblioteca-general","status":"publish","type":"post","link":"https:\/\/www.conselharan.org\/ca\/el-conselh-generau-daran-renova-el-conveni-amb-lajuntament-de-vielha-e-mijaran-pel-financament-de-la-biblioteca-general\/","title":{"rendered":"El Conselh Generau d\u2019Aran renova el conveni amb l\u2019Ajuntament de Vielha e Mijaran pel finan\u00e7ament de la Biblioteca General"},"content":{"rendered":"<p><a href=\"http:\/\/www.conselharan.org\/wp-content\/uploads\/2015\/11\/BIBLIOTECA.jpg\"><img loading=\"lazy\" decoding=\"async\" class=\"aligncenter size-full wp-image-8828\" src=\"http:\/\/www.conselharan.org\/wp-content\/uploads\/2015\/11\/BIBLIOTECA.jpg\" alt=\"BIBLIOTECA\" width=\"500\" height=\"348\" srcset=\"https:\/\/www.conselharan.org\/wp-content\/uploads\/2015\/11\/BIBLIOTECA.jpg 500w, https:\/\/www.conselharan.org\/wp-content\/uploads\/2015\/11\/BIBLIOTECA-300x209.jpg 300w\" sizes=\"(max-width: 500px) 100vw, 500px\" \/><\/a><\/p>\n<p>&nbsp;<\/p>\n<p>El Conselh Generau d\u2019Aran ha renovat el conveni de col\u2022laboraci\u00f3 entre el Gov\u00e8rn d\u2019Aran i l&#8217;Ajuntament de Vielha e Mijaran pel finan\u00e7ament de la gesti\u00f3 i del manteniment de la Biblioteca General amb un import de<strong> 24.000,00\u20ac\/anuals.<\/strong><\/p>\n<p>Aquest nou conveni allarga la seva durada fins al 31 de desembre de 2019, i ha de permetre continuar mantenint les est\u00e0ndards de qualitat d\u2019aquest equipament cultural del pa\u00eds i mant\u00e9 la Comissi\u00f3 de Funcionament de la Biblioteca General com \u00f2rgan que ha de seguir i valorar el funcionament d\u2019aquest conveni.<\/p>\n<p><a href=\"http:\/\/www.conselharan.org\/wp-content\/uploads\/2015\/11\/BIBLIOTECA2.jpg\"><img loading=\"lazy\" decoding=\"async\" class=\"aligncenter size-full wp-image-8829\" src=\"http:\/\/www.conselharan.org\/wp-content\/uploads\/2015\/11\/BIBLIOTECA2.jpg\" alt=\"BIBLIOTECA2\" width=\"500\" height=\"348\" srcset=\"https:\/\/www.conselharan.org\/wp-content\/uploads\/2015\/11\/BIBLIOTECA2.jpg 500w, https:\/\/www.conselharan.org\/wp-content\/uploads\/2015\/11\/BIBLIOTECA2-300x209.jpg 300w\" sizes=\"(max-width: 500px) 100vw, 500px\" \/><\/a><\/p>\n<p>&nbsp;<\/p>\n<p>En paraules del s\u00edndic d\u2019Aran, <strong>Carlos Barrera, \u201cdurant tots aquests anys de forta crisi hem mantingut la quantitat per finan\u00e7ar la Biblioteca, palesant el nostre comprom\u00eds amb la cultura i els joves\u201d.<\/strong><\/p>\n<p><strong>\u201cLa voluntat del Gov\u00e8rn d\u2019Aran de renovar el conveni s\u2019emmarca en aquella l\u00ednia de col\u2022laboraci\u00f3, sempre que sigui viable econ\u00f2micament, amb els ajuntaments del pa\u00eds, en benefici de les persones\u201d<\/strong> ha assenyalat <strong>Barrera<\/strong>.<\/p>\n ","protected":false},"excerpt":{"rendered":"<p>&nbsp; El Conselh Generau d\u2019Aran ha renovat el conveni de col\u2022laboraci\u00f3 entre el Gov\u00e8rn d\u2019Aran i l&#8217;Ajuntament de Vielha e Mijaran pel finan\u00e7ament de la gesti\u00f3 i del manteniment de la Biblioteca General amb un import de 24.000,00\u20ac\/anuals. Aquest nou conveni allarga la seva durada fins al 31 de desembre de 2019, i ha de&#8230;<\/p>\n","protected":false},"author":2,"featured_media":8828,"comment_status":"closed","ping_status":"closed","sticky":false,"template":"","format":"standard","meta":{"footnotes":""},"categories":[31,53,33,36],"tags":[],"_links":{"self":[{"href":"https:\/\/www.conselharan.org\/ca\/wp-json\/wp\/v2\/posts\/8831"}],"collection":[{"href":"https:\/\/www.conselharan.org\/ca\/wp-json\/wp\/v2\/posts"}],"about":[{"href":"https:\/\/www.conselharan.org\/ca\/wp-json\/wp\/v2\/types\/post"}],"author":[{"embeddable":true,"href":"https:\/\/www.conselharan.org\/ca\/wp-json\/wp\/v2\/users\/2"}],"replies":[{"embeddable":true,"href":"https:\/\/www.conselharan.org\/ca\/wp-json\/wp\/v2\/comments?post=8831"}],"version-history":[{"count":1,"href":"https:\/\/www.conselharan.org\/ca\/wp-json\/wp\/v2\/posts\/8831\/revisions"}],"predecessor-version":[{"id":8832,"href":"https:\/\/www.conselharan.org\/ca\/wp-json\/wp\/v2\/posts\/8831\/revisions\/8832"}],"wp:featuredmedia":[{"embeddable":true,"href":"https:\/\/www.conselharan.org\/ca\/wp-json\/wp\/v2\/media\/8828"}],"wp:attachment":[{"href":"https:\/\/www.conselharan.org\/ca\/wp-json\/wp\/v2\/media?parent=8831"}],"wp:term":[{"taxonomy":"category","embeddable":true,"href":"https:\/\/www.conselharan.org\/ca\/wp-json\/wp\/v2\/categories?post=8831"},{"taxonomy":"post_tag","embeddable":true,"href":"https:\/\/www.conselharan.org\/ca\/wp-json\/wp\/v2\/tags?post=8831"}],"curies":[{"name":"wp","href":"https:\/\/api.w.org\/{rel}","templated":true}]}}