{"id":8840,"date":"2015-11-14T08:00:06","date_gmt":"2015-11-14T07:00:06","guid":{"rendered":"http:\/\/www.conselharan.org\/ca\/?p=8840"},"modified":"2015-11-14T10:42:09","modified_gmt":"2015-11-14T09:42:09","slug":"snowfest-pireneus-2015-welcome-to-the-winter-val-daran-27-28-i-29-de-novembre","status":"publish","type":"post","link":"https:\/\/www.conselharan.org\/ca\/snowfest-pireneus-2015-welcome-to-the-winter-val-daran-27-28-i-29-de-novembre\/","title":{"rendered":"SNOWFEST PIRENEUS 2015. WELCOME TO THE WINTER. VAL D\u2019ARAN. 27, 28 i 29 DE NOVEMBRE"},"content":{"rendered":"<p><strong>Compte enrere per a la festa de la neu m\u00e9s rellevant dels Pirineus.<\/strong><\/p>\n<p><strong>La pres\u00e8ncia del freerider aran\u00e8s Aymar Navarro, bombons elaborats pel mestre pastisser Oriol Balaguer, o la presentaci\u00f3 de cal\u00e7at i complements hivernals de la col\u2022lecci\u00f3 c\u00e0psula SarahWorld del grup Sara Navarro, s\u00f3n algunes de les sorpreses de l&#8217;edici\u00f3 de Snowfest Pirineus 2015.<\/strong><\/p>\n<p><strong>La Val d&#8217;Aran es vsteix de festa per rebre la temporada d&#8217;esqu\u00ed d&#8217;aquest any. Esport, m\u00fasica, cinema, moda t\u00e8cnica o gastronomia en un programa de cap de setmana replet d&#8217;activitats relacionades amb la neu, i per a tots els p\u00fablics, coincidint amb l&#8217;obertura de pistes de Baquira-Beret.<\/strong><\/p>\n<p><a href=\"http:\/\/www.conselharan.org\/wp-content\/uploads\/2015\/11\/AYMAR-NAVARRO-1.jpg\"><img loading=\"lazy\" decoding=\"async\" class=\"aligncenter size-large wp-image-8837\" src=\"http:\/\/www.conselharan.org\/wp-content\/uploads\/2015\/11\/AYMAR-NAVARRO-1-988x1024.jpg\" alt=\"AYMAR NAVARRO 1\" width=\"988\" height=\"1024\" srcset=\"https:\/\/www.conselharan.org\/wp-content\/uploads\/2015\/11\/AYMAR-NAVARRO-1-988x1024.jpg 988w, https:\/\/www.conselharan.org\/wp-content\/uploads\/2015\/11\/AYMAR-NAVARRO-1-289x300.jpg 289w, https:\/\/www.conselharan.org\/wp-content\/uploads\/2015\/11\/AYMAR-NAVARRO-1.jpg 1929w\" sizes=\"(max-width: 988px) 100vw, 988px\" \/><\/a><\/p>\n<p><em>\u00a0Aymar Navarro<\/em><\/p>\n<p>&nbsp;<\/p>\n<p>L&#8217;<strong>Associaci\u00f3 de Comerciants i Empresaris de Vielha<\/strong>, juntament amb <strong>Baqueira Beret, el Conselh Generau d\u2019Aran i diferents ajuntaments de la Val d\u2019Aran,<\/strong> organitzen un cap de setmana de festa per celebrar l&#8217;arribada de l&#8217;hivern. Un programa complet d&#8217;oci en paral\u2022lel a Winter Expo, un sal\u00f3 de material t\u00e8cnic i de moda d&#8217;hivern, que tindr\u00e0 lloc del 27 al 29 de novembre a Vielha, Baqueira-Beret, Salard\u00fa, Boss\u00f2st o Les.<br \/>\nL&#8217;esdeveniment ofereix un programa replet d&#8217;activitats que reflecteixen les novetats del m\u00f3n de la neu, l&#8217;entreteniment, l&#8217;oci i la diversi\u00f3.<\/p>\n<p><strong>\u201cAquest \u00e9s el tercer any que organitzem aquest esdeveniment,<\/strong> -explica el President de l&#8217;Associaci\u00f3, <strong>Antonio Beso- amb un programa molt m\u00e9s atractiu. La nostra intenci\u00f3 \u00e9s que cada any sigui millor, m\u00e9s divertit i m\u00e9s complet, i que es consolidi com la millor festa de la neu de tota Espanya i del sud d&#8217;Europa\u201d.<\/strong><\/p>\n<p>Snowfest 2015 arrencar\u00e0 el <strong>divendres 27 de novembre<\/strong> amb la inauguraci\u00f3 oficial a Vielha, presidida per <strong>Aymar Navarro,<\/strong> padr\u00ed de l&#8217;edici\u00f3 d&#8217;aquest any, l&#8217;enc\u00e8s de la <strong>il\u2022luminaci\u00f3 nadalenca<\/strong>, la convocat\u00f2ria d&#8217;un <strong>flashmob<\/strong> per ballar i propiciar la temporada de neu o l&#8217;obertura de la <strong>ruta de tapes<\/strong> per diferents establiments de la Val d\u2019Aran.<\/p>\n<p>El <strong>dissabte 28<\/strong> al mat\u00ed s&#8217;inaugurar\u00e0 la<strong> Winter Expo<\/strong>, un sal\u00f3 de material t\u00e8cnic de neu i moda d&#8217;hivern que per primer any acull a petits fabricadors dels Pirineus i no nom\u00e9s a grans marques del sector.<\/p>\n<p><a href=\"http:\/\/www.conselharan.org\/wp-content\/uploads\/2015\/11\/ORIOL-BALAGUER-foto-corina-copie.jpg\"><img loading=\"lazy\" decoding=\"async\" class=\"aligncenter size-large wp-image-8838\" src=\"http:\/\/www.conselharan.org\/wp-content\/uploads\/2015\/11\/ORIOL-BALAGUER-foto-corina-copie-858x1024.jpg\" alt=\"ORIOL BALAGUER foto corina copie\" width=\"858\" height=\"1024\" srcset=\"https:\/\/www.conselharan.org\/wp-content\/uploads\/2015\/11\/ORIOL-BALAGUER-foto-corina-copie-858x1024.jpg 858w, https:\/\/www.conselharan.org\/wp-content\/uploads\/2015\/11\/ORIOL-BALAGUER-foto-corina-copie-251x300.jpg 251w, https:\/\/www.conselharan.org\/wp-content\/uploads\/2015\/11\/ORIOL-BALAGUER-foto-corina-copie.jpg 1036w\" sizes=\"(max-width: 858px) 100vw, 858px\" \/><\/a><\/p>\n<p><em>Oriol Balaguer<\/em><\/p>\n<p>&nbsp;<\/p>\n<p>Tamb\u00e9 en el recinte de Winter Expo, en el Palai d\u2019Esp\u00f2rts de Vielha, <strong>Oriol Balaguer<\/strong>, un dels millors mestres pastissers d&#8217;Espanya presentar\u00e0 el <strong>Bomb\u00f3 Snowfest 2015<\/strong> en una degustaci\u00f3 p\u00fablica. L&#8217;equip de disseny de SarahWorld, -marca jove del grup Sara Navarro, l\u00edder del sector de cal\u00e7at a Espanya-, presentar\u00e0 tamb\u00e9 la <strong>col\u2022lecci\u00f3 c\u00e0psula SarahWorld<\/strong> de sabates i complements d&#8217;hivern Eco-cold, Eco-chic amb la \u201cpremi\u00e8re\u201d de la <strong>Bossa Piren\u00e8us,<\/strong> especialment dissenyat pel Snowfest.<\/p>\n<p>La tarda del dissabte arrencar\u00e0 amb la projecci\u00f3 del v\u00eddeo<strong> &#8220;Searching the Line&#8221;<\/strong> d&#8217;<strong>Aymar Navarro<\/strong>, per continuar amb un espectacle de<strong> patinatge art\u00edstic<\/strong> que recrea escenes de \u201cEl Rei Le\u00f3n\u201d, el concert del grup indie-rock<strong> Kid Wise<\/strong> i una sessi\u00f3 de m\u00fasica electr\u00f2nica amb el <strong>DJ D-Yan<\/strong>.<\/p>\n<p>L&#8217;artesania i l&#8217;excel\u2022lent i substanciosa cuina de la Val d\u2019Aran posar\u00e0 la nota gastron\u00f2mica amb una exhibici\u00f3 i tast de productes amb la \u201c<strong>Marca de Garantia Val d\u2019Aran\u201d<\/strong> el <strong>diumenge 29<\/strong>, en un mercat artesanal situat a la Pla\u00e7a de l&#8217;Esgl\u00e9sia de Boss\u00f2st, al costat dels bars i locals de restauraci\u00f3 que s&#8217;han sumat a l&#8217;esdeveniment i que oferiran, entre altres mostres del ric receptari de la Val d\u2019Aran, els seus famosos \u201cpintxos\u201d o l\u2019\u201candito\u201d i la \u201cmongeta\u201d de Boss\u00f2st.<\/p>\n<p>I molt m\u00e9s, perqu\u00e8 hi haur\u00e0 tamb\u00e9 desfilades de moda, el ball a l&#8217;estil Bollywood, passes de documentals relacionats amb la neu com la projecci\u00f3 en prim\u00edcia d&#8217;<strong>Aguestes Montanhes<\/strong>, ioga, visites guiades per algunes de les m\u00e9s belles esgl\u00e9sies rom\u00e0niques de l\u2019Aran i un llarg etc\u00e8tera d&#8217;activitats per a tots els p\u00fablics. El programa culminar\u00e0 amb el sorteig de<strong> forfaits<\/strong> per a l&#8217;estaci\u00f3 de Baqueira Beret, <strong>esqu\u00eds<\/strong>, i una pla\u00e7a per al <strong>GORE-TEX Experience Tour,<\/strong> una expedici\u00f3 de Freeriding al costat d&#8217;<strong>Aymar Navarro<\/strong>, que tindr\u00e0 lloc a les illes Lofoten al 2016 oferta per <strong>Copos Ski-Center.<\/strong><\/p>\n<p>Aquestes activitats s\u00f3n possibles gr\u00e0cies a la col\u2022laboraci\u00f3 del <strong>Conselh Generau d\u2019Aran, Torisme Val d\u2019Aran, Baqueira-Beret, els Ajuntaments de Vielhae Mijaran, Boss\u00f2st i Naut Aran, la Diputaci\u00f3 de Lleida o el Consorci de Comer\u00e7, Artesania i Moda de Catalunya (Generalitat de Catalunya) i moltes altres entitats i establiments col\u2022laboradors<\/strong> que s&#8217;han sumat a una celebraci\u00f3 oberta a tots, una celebraci\u00f3 de l&#8217;alegria, la naturalesa i la neu.<\/p>\n<p><strong>PROGRAMA SNOWFWST 2015:<\/strong><\/p>\n<p><a href=\"http:\/\/www.conselharan.org\/wp-content\/uploads\/2015\/11\/PROGRAMA-SNOWFEST-2015.png\"><img loading=\"lazy\" decoding=\"async\" class=\"aligncenter size-large wp-image-8836\" src=\"http:\/\/www.conselharan.org\/wp-content\/uploads\/2015\/11\/PROGRAMA-SNOWFEST-2015-1024x740.png\" alt=\"PROGRAMA SNOWFEST 2015\" width=\"1024\" height=\"740\" srcset=\"https:\/\/www.conselharan.org\/wp-content\/uploads\/2015\/11\/PROGRAMA-SNOWFEST-2015-1024x740.png 1024w, https:\/\/www.conselharan.org\/wp-content\/uploads\/2015\/11\/PROGRAMA-SNOWFEST-2015-300x217.png 300w, https:\/\/www.conselharan.org\/wp-content\/uploads\/2015\/11\/PROGRAMA-SNOWFEST-2015.png 1844w\" sizes=\"(max-width: 1024px) 100vw, 1024px\" \/><\/a><\/p>\n<p><strong>Snowfest Pireneus&#8230; Benvingut a l&#8217;hivern<\/strong><\/p>\n<p>Snowfest Pireneus \u00e9s un festival de la neu que va n\u00e9ixer en 2013 i que en 2015 celebra la seva tercera edici\u00f3 del 27 al 29 de novembre, a la Val d&#8217;Aran (Lleida), per donar la benvinguda a l&#8217;hivern als Pirineus.<\/p>\n<p>L&#8217;esdeveniment diferencia dos aspectes: un Festival, amb activitats esportives, l\u00fadiques, art\u00edstic-culturals, musicals i gastron\u00f2miques a trav\u00e9s d&#8217;un complet programa per a tots els p\u00fablics que reflecteix la manera de vida i les activitats de muntanya m\u00e9s destacades dels Pirineus centrals.<\/p>\n<p>Una fira, amb el sal\u00f3 d&#8217;hivern Winter Expo en el Palai d&#8217;Esp\u00f2rts de Vielha, on s&#8217;exhibiran primeres marques de neu (roba t\u00e8cnica i material d&#8217;esport), moda d&#8217;hivern, les propostes d&#8217;oci de turisme hivernal i la presentaci\u00f3 dels esdeveniments de la temporada de neu.<\/p>\n ","protected":false},"excerpt":{"rendered":"<p>Compte enrere per a la festa de la neu m\u00e9s rellevant dels Pirineus. La pres\u00e8ncia del freerider aran\u00e8s Aymar Navarro, bombons elaborats pel mestre pastisser Oriol Balaguer, o la presentaci\u00f3 de cal\u00e7at i complements hivernals de la col\u2022lecci\u00f3 c\u00e0psula SarahWorld del grup Sara Navarro, s\u00f3n algunes de les sorpreses de l&#8217;edici\u00f3 de Snowfest Pirineus 2015&#8230;.<\/p>\n","protected":false},"author":2,"featured_media":8837,"comment_status":"closed","ping_status":"closed","sticky":false,"template":"","format":"standard","meta":{"footnotes":""},"categories":[31,33,36],"tags":[],"_links":{"self":[{"href":"https:\/\/www.conselharan.org\/ca\/wp-json\/wp\/v2\/posts\/8840"}],"collection":[{"href":"https:\/\/www.conselharan.org\/ca\/wp-json\/wp\/v2\/posts"}],"about":[{"href":"https:\/\/www.conselharan.org\/ca\/wp-json\/wp\/v2\/types\/post"}],"author":[{"embeddable":true,"href":"https:\/\/www.conselharan.org\/ca\/wp-json\/wp\/v2\/users\/2"}],"replies":[{"embeddable":true,"href":"https:\/\/www.conselharan.org\/ca\/wp-json\/wp\/v2\/comments?post=8840"}],"version-history":[{"count":1,"href":"https:\/\/www.conselharan.org\/ca\/wp-json\/wp\/v2\/posts\/8840\/revisions"}],"predecessor-version":[{"id":8841,"href":"https:\/\/www.conselharan.org\/ca\/wp-json\/wp\/v2\/posts\/8840\/revisions\/8841"}],"wp:featuredmedia":[{"embeddable":true,"href":"https:\/\/www.conselharan.org\/ca\/wp-json\/wp\/v2\/media\/8837"}],"wp:attachment":[{"href":"https:\/\/www.conselharan.org\/ca\/wp-json\/wp\/v2\/media?parent=8840"}],"wp:term":[{"taxonomy":"category","embeddable":true,"href":"https:\/\/www.conselharan.org\/ca\/wp-json\/wp\/v2\/categories?post=8840"},{"taxonomy":"post_tag","embeddable":true,"href":"https:\/\/www.conselharan.org\/ca\/wp-json\/wp\/v2\/tags?post=8840"}],"curies":[{"name":"wp","href":"https:\/\/api.w.org\/{rel}","templated":true}]}}