{"id":8902,"date":"2015-11-19T15:27:13","date_gmt":"2015-11-19T14:27:13","guid":{"rendered":"http:\/\/www.conselharan.org\/ca\/?p=8902"},"modified":"2015-11-19T15:27:13","modified_gmt":"2015-11-19T14:27:13","slug":"el-conselh-generau-daran-i-lacna-signen-un-conveni-per-la-difusio-del-coneixement-de-la-neu-i-les-allaus","status":"publish","type":"post","link":"https:\/\/www.conselharan.org\/ca\/el-conselh-generau-daran-i-lacna-signen-un-conveni-per-la-difusio-del-coneixement-de-la-neu-i-les-allaus\/","title":{"rendered":"El Conselh Generau d\u2019Aran i l\u2019ACNA signen un conveni per la difusi\u00f3 del coneixement de la neu i les allaus"},"content":{"rendered":"<p><a href=\"http:\/\/www.conselharan.org\/wp-content\/uploads\/2015\/11\/DSC_0006.jpg\"><img loading=\"lazy\" decoding=\"async\" class=\"aligncenter size-large wp-image-8900\" src=\"http:\/\/www.conselharan.org\/wp-content\/uploads\/2015\/11\/DSC_0006-1024x967.jpg\" alt=\"DSC_0006\" width=\"1024\" height=\"967\" srcset=\"https:\/\/www.conselharan.org\/wp-content\/uploads\/2015\/11\/DSC_0006-1024x967.jpg 1024w, https:\/\/www.conselharan.org\/wp-content\/uploads\/2015\/11\/DSC_0006-300x283.jpg 300w\" sizes=\"(max-width: 1024px) 100vw, 1024px\" \/><\/a><\/p>\n<p><em>La directora de l&#8217;ETEVA, N\u00faria Perramon, i el representant de l&#8217;ACNA, Jordi Gavald\u00e0.<\/em><\/p>\n<p>&nbsp;<\/p>\n<p>El Conselh Generau d\u2019Aran, a trav\u00e9s de l\u2019Escola de Formaci\u00f3 de T\u00e8cnics Esportius de la Val d\u2019Aran (ETEVA), ha signat un conveni amb l\u2019ACNA (Associaci\u00f3 per al coneixement de la neu i les allaus) per tal de promoure una formaci\u00f3 actualitzada i acurada en mat\u00e8ria de neu i allaus.<\/p>\n<p>Dintre de la formaci\u00f3 de la ETEVA de t\u00e8cnic esportiu de segon nivell, en la especialitat d\u2019esports d\u2019hivern i de muntanya i escalada, s\u2019impartiran els continguts adients per tal que els alumnes obtinguin el reconeixement del STA1 de l\u2019ACNA.<\/p>\n<p>A part de la formaci\u00f3 que rebran els alumnes matriculats en la formaci\u00f3 de t\u00e8cnic esportiu, la ETEVA convocar\u00e0 anualment com a m\u00ednim un curs obert a la poblaci\u00f3 en general de \u201cSeguretat en terreny d\u2019allaus\u201d (STA 1).<\/p>\n ","protected":false},"excerpt":{"rendered":"<p>La directora de l&#8217;ETEVA, N\u00faria Perramon, i el representant de l&#8217;ACNA, Jordi Gavald\u00e0. &nbsp; El Conselh Generau d\u2019Aran, a trav\u00e9s de l\u2019Escola de Formaci\u00f3 de T\u00e8cnics Esportius de la Val d\u2019Aran (ETEVA), ha signat un conveni amb l\u2019ACNA (Associaci\u00f3 per al coneixement de la neu i les allaus) per tal de promoure una formaci\u00f3 actualitzada&#8230;<\/p>\n","protected":false},"author":2,"featured_media":8900,"comment_status":"closed","ping_status":"closed","sticky":false,"template":"","format":"standard","meta":{"footnotes":""},"categories":[31,33,36],"tags":[],"_links":{"self":[{"href":"https:\/\/www.conselharan.org\/ca\/wp-json\/wp\/v2\/posts\/8902"}],"collection":[{"href":"https:\/\/www.conselharan.org\/ca\/wp-json\/wp\/v2\/posts"}],"about":[{"href":"https:\/\/www.conselharan.org\/ca\/wp-json\/wp\/v2\/types\/post"}],"author":[{"embeddable":true,"href":"https:\/\/www.conselharan.org\/ca\/wp-json\/wp\/v2\/users\/2"}],"replies":[{"embeddable":true,"href":"https:\/\/www.conselharan.org\/ca\/wp-json\/wp\/v2\/comments?post=8902"}],"version-history":[{"count":1,"href":"https:\/\/www.conselharan.org\/ca\/wp-json\/wp\/v2\/posts\/8902\/revisions"}],"predecessor-version":[{"id":8903,"href":"https:\/\/www.conselharan.org\/ca\/wp-json\/wp\/v2\/posts\/8902\/revisions\/8903"}],"wp:featuredmedia":[{"embeddable":true,"href":"https:\/\/www.conselharan.org\/ca\/wp-json\/wp\/v2\/media\/8900"}],"wp:attachment":[{"href":"https:\/\/www.conselharan.org\/ca\/wp-json\/wp\/v2\/media?parent=8902"}],"wp:term":[{"taxonomy":"category","embeddable":true,"href":"https:\/\/www.conselharan.org\/ca\/wp-json\/wp\/v2\/categories?post=8902"},{"taxonomy":"post_tag","embeddable":true,"href":"https:\/\/www.conselharan.org\/ca\/wp-json\/wp\/v2\/tags?post=8902"}],"curies":[{"name":"wp","href":"https:\/\/api.w.org\/{rel}","templated":true}]}}