{"id":8917,"date":"2015-11-20T13:29:07","date_gmt":"2015-11-20T12:29:07","guid":{"rendered":"http:\/\/www.conselharan.org\/ca\/?p=8917"},"modified":"2015-11-20T13:29:07","modified_gmt":"2015-11-20T12:29:07","slug":"comissio-de-seguiment-del-centre-especialitzat-de-tecnificacio-desports-dhivern-de-la-val-daran","status":"publish","type":"post","link":"https:\/\/www.conselharan.org\/ca\/comissio-de-seguiment-del-centre-especialitzat-de-tecnificacio-desports-dhivern-de-la-val-daran\/","title":{"rendered":"Comissi\u00f3 de Seguiment del Centre Especialitzat de Tecnificaci\u00f3 d\u2019Esports d\u2019Hivern de la Val d\u2019Aran"},"content":{"rendered":"<p><a href=\"http:\/\/www.conselharan.org\/wp-content\/uploads\/2015\/11\/CETEI.jpg\"><img loading=\"lazy\" decoding=\"async\" class=\"aligncenter size-large wp-image-8915\" src=\"http:\/\/www.conselharan.org\/wp-content\/uploads\/2015\/11\/CETEI-1024x602.jpg\" alt=\"CETEI\" width=\"1024\" height=\"602\" srcset=\"https:\/\/www.conselharan.org\/wp-content\/uploads\/2015\/11\/CETEI-1024x602.jpg 1024w, https:\/\/www.conselharan.org\/wp-content\/uploads\/2015\/11\/CETEI-300x176.jpg 300w\" sizes=\"(max-width: 1024px) 100vw, 1024px\" \/><\/a><\/p>\n<p>Aquesta setmana s\u2019ha celebrat en el Conselh Generau d\u2019Aran la primera trobada de la Comissi\u00f3 de Seguiment del Centre Especialitzat de Tecnificaci\u00f3 d\u2019Esports d\u2019Hivern de la Val d\u2019Aran (CETEI) amb la nova direcci\u00f3.<\/p>\n<p>En la Comissi\u00f3 hi eren presents: el vicesindic d\u2019Aran i conselh\u00e8r d\u2019Esports, <strong>Luis Carlos Medina<\/strong>, el director general de l&#8217;Esport de la Generalitat de Catalunya, <strong>Gerard Mart\u00ed Figueras<\/strong>, el president de la Federaci\u00f3 Catalana d\u2019Esports d\u2019Hivern (FCEH),<strong> \u00d3scar Cruz,<\/strong> el vicepresident 1r. i Econ\u00f2mic de la FCEH, <strong>David Samper,<\/strong> el vicepresident de Neu de la FCEH, <strong>Joan Puig<\/strong>, el director del CETEI de la Val d\u2019Aran, <strong>Eduardo Puente<\/strong>, el subdirector general d\u2019Activitats Esportives i d\u2019Infraestructures del Consell Catal\u00e0 de l\u2019Esport,<strong> Josep Oriol Marc\u00e9<\/strong>, i el delegat territorial d\u2019Esports a Lleida, <strong>Joan Segura.<\/strong><\/p>\n<p>En la Comissi\u00f3 es va fer el balan\u00e7 del per\u00edode anterior, es van plantejar diverses q\u00fcestions sobre la resid\u00e8ncia i l&#8217;Institut d\u2019Aran, i es van realitzar les previsions dels esportistes, el futur i l&#8217;educaci\u00f3.<\/p>\n ","protected":false},"excerpt":{"rendered":"<p>Aquesta setmana s\u2019ha celebrat en el Conselh Generau d\u2019Aran la primera trobada de la Comissi\u00f3 de Seguiment del Centre Especialitzat de Tecnificaci\u00f3 d\u2019Esports d\u2019Hivern de la Val d\u2019Aran (CETEI) amb la nova direcci\u00f3. En la Comissi\u00f3 hi eren presents: el vicesindic d\u2019Aran i conselh\u00e8r d\u2019Esports, Luis Carlos Medina, el director general de l&#8217;Esport de la&#8230;<\/p>\n","protected":false},"author":2,"featured_media":8915,"comment_status":"closed","ping_status":"closed","sticky":false,"template":"","format":"standard","meta":{"footnotes":""},"categories":[31,33,36],"tags":[],"_links":{"self":[{"href":"https:\/\/www.conselharan.org\/ca\/wp-json\/wp\/v2\/posts\/8917"}],"collection":[{"href":"https:\/\/www.conselharan.org\/ca\/wp-json\/wp\/v2\/posts"}],"about":[{"href":"https:\/\/www.conselharan.org\/ca\/wp-json\/wp\/v2\/types\/post"}],"author":[{"embeddable":true,"href":"https:\/\/www.conselharan.org\/ca\/wp-json\/wp\/v2\/users\/2"}],"replies":[{"embeddable":true,"href":"https:\/\/www.conselharan.org\/ca\/wp-json\/wp\/v2\/comments?post=8917"}],"version-history":[{"count":1,"href":"https:\/\/www.conselharan.org\/ca\/wp-json\/wp\/v2\/posts\/8917\/revisions"}],"predecessor-version":[{"id":8918,"href":"https:\/\/www.conselharan.org\/ca\/wp-json\/wp\/v2\/posts\/8917\/revisions\/8918"}],"wp:featuredmedia":[{"embeddable":true,"href":"https:\/\/www.conselharan.org\/ca\/wp-json\/wp\/v2\/media\/8915"}],"wp:attachment":[{"href":"https:\/\/www.conselharan.org\/ca\/wp-json\/wp\/v2\/media?parent=8917"}],"wp:term":[{"taxonomy":"category","embeddable":true,"href":"https:\/\/www.conselharan.org\/ca\/wp-json\/wp\/v2\/categories?post=8917"},{"taxonomy":"post_tag","embeddable":true,"href":"https:\/\/www.conselharan.org\/ca\/wp-json\/wp\/v2\/tags?post=8917"}],"curies":[{"name":"wp","href":"https:\/\/api.w.org\/{rel}","templated":true}]}}