{"id":8926,"date":"2015-11-20T14:52:50","date_gmt":"2015-11-20T13:52:50","guid":{"rendered":"http:\/\/www.conselharan.org\/ca\/?p=8926"},"modified":"2015-11-20T14:52:50","modified_gmt":"2015-11-20T13:52:50","slug":"baqueira-beret-porta-el-fred-a-madrid-amb-la-seva-presentacio-de-temporada-15-16","status":"publish","type":"post","link":"https:\/\/www.conselharan.org\/ca\/baqueira-beret-porta-el-fred-a-madrid-amb-la-seva-presentacio-de-temporada-15-16\/","title":{"rendered":"Baqueira Beret porta el fred a Madrid amb la seva presentaci\u00f3 de temporada 15-16"},"content":{"rendered":"<p><strong>L&#8217;estaci\u00f3 d&#8217;esqu\u00ed de Baqueira Beret i Torisme Val d\u2019Aran han instal\u2022lat un igl\u00fa al centre de Madrid entre els dies 19 a 21 de novembre per donar a con\u00e8ixer les novetats del proper hivern, realitzar una degustaci\u00f3 de productes aranesos i sortejar forfaits, estades i fins i tot una experi\u00e8ncia d&#8217;heliesqu\u00ed.<\/strong><\/p>\n<p><a href=\"http:\/\/www.conselharan.org\/wp-content\/uploads\/2015\/11\/carpa-igl\u00f3-madrid.jpg\"><img loading=\"lazy\" decoding=\"async\" class=\"aligncenter size-full wp-image-8923\" src=\"http:\/\/www.conselharan.org\/wp-content\/uploads\/2015\/11\/carpa-igl\u00f3-madrid.jpg\" alt=\"carpa igl\u00f3- madrid\" width=\"640\" height=\"480\" srcset=\"https:\/\/www.conselharan.org\/wp-content\/uploads\/2015\/11\/carpa-igl\u00f3-madrid.jpg 640w, https:\/\/www.conselharan.org\/wp-content\/uploads\/2015\/11\/carpa-igl\u00f3-madrid-300x225.jpg 300w\" sizes=\"(max-width: 640px) 100vw, 640px\" \/><\/a><\/p>\n<p>&nbsp;<\/p>\n<p>Madrid es va despertar ahir dijous, 19 de novembre, una mica m\u00e9s prop de l&#8217;hivern amb la instal\u2022laci\u00f3 a la c\u00e8ntrica pla\u00e7a Margaret Thatcher de la carpa-igl\u00fa que arriba des de terres araneses. El divendres i dissabte a partir de les 14h00 i fins a les 20h00 ser\u00e0 el moment per descobrir les noves pistes, zones d&#8217;oci, restaurants i experi\u00e8ncies \u00faniques que ofereixen Baqueira Beret i la Val d\u2019Aran per a la temporada que \u00e9s a punt de comen\u00e7ar.<\/p>\n<p>Els 155 km de pistes que l&#8217;estaci\u00f3 aranesa proposa aquest hivern donaran molt que parlar igual que la nova zona d&#8217;apr\u00e8s ski que s&#8217;ha instal\u2022lat a l&#8217;Hotel Montarto. Bars i restaurants per despr\u00e9s d&#8217;un llarg dia amb els esqu\u00eds posats en una zona privilegiada de Baqueira 1500. Els assistents tamb\u00e9 podran descobrir la pista Audi Ski Kronos i competir de manera l\u00fadica entre amics alhora que comparteixen la seva experi\u00e8ncia en xarxes socials.<\/p>\n<p><a href=\"http:\/\/www.conselharan.org\/wp-content\/uploads\/2015\/11\/1-carpa-igl\u00f3-madrid.jpg\"><img loading=\"lazy\" decoding=\"async\" class=\"aligncenter size-large wp-image-8924\" src=\"http:\/\/www.conselharan.org\/wp-content\/uploads\/2015\/11\/1-carpa-igl\u00f3-madrid-1024x316.jpg\" alt=\"1 carpa igl\u00f3- madrid\" width=\"1024\" height=\"316\" srcset=\"https:\/\/www.conselharan.org\/wp-content\/uploads\/2015\/11\/1-carpa-igl\u00f3-madrid-1024x316.jpg 1024w, https:\/\/www.conselharan.org\/wp-content\/uploads\/2015\/11\/1-carpa-igl\u00f3-madrid-300x93.jpg 300w, https:\/\/www.conselharan.org\/wp-content\/uploads\/2015\/11\/1-carpa-igl\u00f3-madrid.jpg 1600w\" sizes=\"(max-width: 1024px) 100vw, 1024px\" \/><\/a><\/p>\n<p>&nbsp;<\/p>\n<p>Hi ha m\u00e9s novetats en l&#8217;estaci\u00f3 a descobrir en l&#8217;igl\u00fa de Madrid mentre es degusten productes artesanals de la Val d\u2019Aran. I com a detall, es sortegen estades completes, forfaits, cursos d&#8217;esqu\u00ed, sopars i una experi\u00e8ncia d&#8217;heliesqu\u00ed.<\/p>\n<p>Carpa-Igl\u00fa Baqueira Beret &#8211; Val d\u2019Aran<br \/>\nPlaza Margaret Thatcher (Passeig de la Castellana amb cantonada pla\u00e7a Colon) 28001 Madrid<br \/>\nHoraris:<br \/>\nDies 20 i 21: de 14h00 a 20h00<\/p>\n ","protected":false},"excerpt":{"rendered":"<p>L&#8217;estaci\u00f3 d&#8217;esqu\u00ed de Baqueira Beret i Torisme Val d\u2019Aran han instal\u2022lat un igl\u00fa al centre de Madrid entre els dies 19 a 21 de novembre per donar a con\u00e8ixer les novetats del proper hivern, realitzar una degustaci\u00f3 de productes aranesos i sortejar forfaits, estades i fins i tot una experi\u00e8ncia d&#8217;heliesqu\u00ed. &nbsp; Madrid es va&#8230;<\/p>\n","protected":false},"author":2,"featured_media":8924,"comment_status":"closed","ping_status":"closed","sticky":false,"template":"","format":"standard","meta":{"footnotes":""},"categories":[31,33,36],"tags":[],"_links":{"self":[{"href":"https:\/\/www.conselharan.org\/ca\/wp-json\/wp\/v2\/posts\/8926"}],"collection":[{"href":"https:\/\/www.conselharan.org\/ca\/wp-json\/wp\/v2\/posts"}],"about":[{"href":"https:\/\/www.conselharan.org\/ca\/wp-json\/wp\/v2\/types\/post"}],"author":[{"embeddable":true,"href":"https:\/\/www.conselharan.org\/ca\/wp-json\/wp\/v2\/users\/2"}],"replies":[{"embeddable":true,"href":"https:\/\/www.conselharan.org\/ca\/wp-json\/wp\/v2\/comments?post=8926"}],"version-history":[{"count":1,"href":"https:\/\/www.conselharan.org\/ca\/wp-json\/wp\/v2\/posts\/8926\/revisions"}],"predecessor-version":[{"id":8927,"href":"https:\/\/www.conselharan.org\/ca\/wp-json\/wp\/v2\/posts\/8926\/revisions\/8927"}],"wp:featuredmedia":[{"embeddable":true,"href":"https:\/\/www.conselharan.org\/ca\/wp-json\/wp\/v2\/media\/8924"}],"wp:attachment":[{"href":"https:\/\/www.conselharan.org\/ca\/wp-json\/wp\/v2\/media?parent=8926"}],"wp:term":[{"taxonomy":"category","embeddable":true,"href":"https:\/\/www.conselharan.org\/ca\/wp-json\/wp\/v2\/categories?post=8926"},{"taxonomy":"post_tag","embeddable":true,"href":"https:\/\/www.conselharan.org\/ca\/wp-json\/wp\/v2\/tags?post=8926"}],"curies":[{"name":"wp","href":"https:\/\/api.w.org\/{rel}","templated":true}]}}