{"id":8934,"date":"2015-11-20T08:00:12","date_gmt":"2015-11-20T07:00:12","guid":{"rendered":"http:\/\/www.conselharan.org\/ca\/?p=8934"},"modified":"2015-11-20T15:20:12","modified_gmt":"2015-11-20T14:20:12","slug":"medalles-per-als-patinadors-aranesos-del-club-esports-de-geu-val-daran-sara-monteagudo-i-alexandru-ilici-a-san-sebastian","status":"publish","type":"post","link":"https:\/\/www.conselharan.org\/ca\/medalles-per-als-patinadors-aranesos-del-club-esports-de-geu-val-daran-sara-monteagudo-i-alexandru-ilici-a-san-sebastian\/","title":{"rendered":"Medalles per als patinadors aranesos del Club Esp\u00f2rts de G\u00e8u Val d\u2019Aran, Sara Monteagudo i Alexandru Ilici, a San Sebasti\u00e1n"},"content":{"rendered":"<p>\u2022<strong> Sara Monteagudo i Alexandru Ilici van aconseguir 2 medalles de bronze i Aina Masip i Iria Espa\u00f1a una merit\u00f2ria 8\u00aa i 17\u00aa pla\u00e7a.<\/strong><\/p>\n<p><a href=\"http:\/\/www.conselharan.org\/wp-content\/uploads\/2015\/11\/SARA-IRIA-ALEXANDRU.jpg\"><img loading=\"lazy\" decoding=\"async\" class=\"aligncenter size-large wp-image-8932\" src=\"http:\/\/www.conselharan.org\/wp-content\/uploads\/2015\/11\/SARA-IRIA-ALEXANDRU-574x1024.jpg\" alt=\"SARA-IRIA-ALEXANDRU\" width=\"574\" height=\"1024\" srcset=\"https:\/\/www.conselharan.org\/wp-content\/uploads\/2015\/11\/SARA-IRIA-ALEXANDRU-574x1024.jpg 574w, https:\/\/www.conselharan.org\/wp-content\/uploads\/2015\/11\/SARA-IRIA-ALEXANDRU-168x300.jpg 168w, https:\/\/www.conselharan.org\/wp-content\/uploads\/2015\/11\/SARA-IRIA-ALEXANDRU.jpg 896w\" sizes=\"(max-width: 574px) 100vw, 574px\" \/><\/a><\/p>\n<p>&nbsp;<\/p>\n<p>El cap de setmana passat, 4 patinadors aranesos del<strong> CEGVA<\/strong> es van despla\u00e7ar a Sant Sebasti\u00e1n per participar en una competici\u00f3 de nivell nacional que era l&#8217;avantsala dels propers Campionats d&#8217;Espanya que se celebraran al desembre a Sant Sebasti\u00e1n.<\/p>\n<p>Els nostres patinadors <strong>Sara Monteagudo<\/strong> i<strong> Alexandru Ilici<\/strong> van aconseguir 2 medalles de bronze i, <strong>Aina Masip <\/strong>i<strong> Iria Espa\u00f1a<\/strong> una merit\u00f2ria 8\u00aa i 17\u00aa pla\u00e7a.<\/p>\n<p>En aquests moments dos patinadors del <strong>CEGVA, Griselda Serrallach<\/strong> i<strong> Tom\u00e1s Lloren\u00e7,<\/strong> competeixen en l&#8217;Open d&#8217;Andorra, prova internacional de la ISU, despr\u00e9s d&#8217;haver estat seleccionats per la Federaci\u00f3.<\/p>\n ","protected":false},"excerpt":{"rendered":"<p>\u2022 Sara Monteagudo i Alexandru Ilici van aconseguir 2 medalles de bronze i Aina Masip i Iria Espa\u00f1a una merit\u00f2ria 8\u00aa i 17\u00aa pla\u00e7a. &nbsp; El cap de setmana passat, 4 patinadors aranesos del CEGVA es van despla\u00e7ar a Sant Sebasti\u00e1n per participar en una competici\u00f3 de nivell nacional que era l&#8217;avantsala dels propers Campionats&#8230;<\/p>\n","protected":false},"author":2,"featured_media":8932,"comment_status":"closed","ping_status":"closed","sticky":false,"template":"","format":"standard","meta":{"footnotes":""},"categories":[31,33,36],"tags":[],"_links":{"self":[{"href":"https:\/\/www.conselharan.org\/ca\/wp-json\/wp\/v2\/posts\/8934"}],"collection":[{"href":"https:\/\/www.conselharan.org\/ca\/wp-json\/wp\/v2\/posts"}],"about":[{"href":"https:\/\/www.conselharan.org\/ca\/wp-json\/wp\/v2\/types\/post"}],"author":[{"embeddable":true,"href":"https:\/\/www.conselharan.org\/ca\/wp-json\/wp\/v2\/users\/2"}],"replies":[{"embeddable":true,"href":"https:\/\/www.conselharan.org\/ca\/wp-json\/wp\/v2\/comments?post=8934"}],"version-history":[{"count":1,"href":"https:\/\/www.conselharan.org\/ca\/wp-json\/wp\/v2\/posts\/8934\/revisions"}],"predecessor-version":[{"id":8935,"href":"https:\/\/www.conselharan.org\/ca\/wp-json\/wp\/v2\/posts\/8934\/revisions\/8935"}],"wp:featuredmedia":[{"embeddable":true,"href":"https:\/\/www.conselharan.org\/ca\/wp-json\/wp\/v2\/media\/8932"}],"wp:attachment":[{"href":"https:\/\/www.conselharan.org\/ca\/wp-json\/wp\/v2\/media?parent=8934"}],"wp:term":[{"taxonomy":"category","embeddable":true,"href":"https:\/\/www.conselharan.org\/ca\/wp-json\/wp\/v2\/categories?post=8934"},{"taxonomy":"post_tag","embeddable":true,"href":"https:\/\/www.conselharan.org\/ca\/wp-json\/wp\/v2\/tags?post=8934"}],"curies":[{"name":"wp","href":"https:\/\/api.w.org\/{rel}","templated":true}]}}