{"id":8951,"date":"2015-11-21T08:00:36","date_gmt":"2015-11-21T07:00:36","guid":{"rendered":"http:\/\/www.conselharan.org\/ca\/?p=8951"},"modified":"2015-11-20T16:12:22","modified_gmt":"2015-11-20T15:12:22","slug":"el-conselh-generau-daran-senyalitza-el-cami-del-coth-deth-horo-fins-a-lartiga-de-lin","status":"publish","type":"post","link":"https:\/\/www.conselharan.org\/ca\/el-conselh-generau-daran-senyalitza-el-cami-del-coth-deth-horo-fins-a-lartiga-de-lin\/","title":{"rendered":"El Conselh Generau d\u2019Aran senyalitza el cam\u00ed del C\u00f2th deth H\u00f2ro fins a l\u2019Artiga de Lin"},"content":{"rendered":"<p>\u2022 <strong>El cam\u00ed senyalitzat t\u00e9 un desnivell de 765m i 3.000m de recorregut.<\/strong><\/p>\n<p><a href=\"http:\/\/www.conselharan.org\/wp-content\/uploads\/2015\/11\/SENHALIZACION-C\u00d2TH-DETH-H\u00d2RO.jpg\"><img loading=\"lazy\" decoding=\"async\" class=\"aligncenter size-large wp-image-8949\" src=\"http:\/\/www.conselharan.org\/wp-content\/uploads\/2015\/11\/SENHALIZACION-C\u00d2TH-DETH-H\u00d2RO-1024x750.jpg\" alt=\"SENHALIZACION C\u00d2TH DETH H\u00d2RO\" width=\"1024\" height=\"750\" srcset=\"https:\/\/www.conselharan.org\/wp-content\/uploads\/2015\/11\/SENHALIZACION-C\u00d2TH-DETH-H\u00d2RO-1024x750.jpg 1024w, https:\/\/www.conselharan.org\/wp-content\/uploads\/2015\/11\/SENHALIZACION-C\u00d2TH-DETH-H\u00d2RO-300x220.jpg 300w\" sizes=\"(max-width: 1024px) 100vw, 1024px\" \/><\/a><\/p>\n<p>&nbsp;<\/p>\n<p>Ja s\u2019han executat les obres de senyalitzaci\u00f3 orientativa i situaci\u00f3 del cable de suport per garantir una major seguretat pels usuaris que decideixin utilitzar la ruta aranesa per l&#8217;Aneto a trav\u00e9s de C\u00f2th deth H\u00f2ro i pas dels aranesos.<\/p>\n<p><a href=\"http:\/\/www.conselharan.org\/wp-content\/uploads\/2015\/11\/PILONES.jpg\"><img loading=\"lazy\" decoding=\"async\" class=\"aligncenter size-large wp-image-8947\" src=\"http:\/\/www.conselharan.org\/wp-content\/uploads\/2015\/11\/PILONES-1024x509.jpg\" alt=\"PILONES\" width=\"1024\" height=\"509\" srcset=\"https:\/\/www.conselharan.org\/wp-content\/uploads\/2015\/11\/PILONES-1024x509.jpg 1024w, https:\/\/www.conselharan.org\/wp-content\/uploads\/2015\/11\/PILONES-300x149.jpg 300w, https:\/\/www.conselharan.org\/wp-content\/uploads\/2015\/11\/PILONES.jpg 1671w\" sizes=\"(max-width: 1024px) 100vw, 1024px\" \/><\/a><\/p>\n<p>&nbsp;<\/p>\n<p>Aquest equipament consta de 20 pilones i punts de senyalitzaci\u00f3 vertical amb una marca de pintura reflectant de color groc per facilitar la seva visualitzaci\u00f3 en cas de boira o nit. L&#8217;anclatge del cable s\u2019ha fet en els trams on el terreny \u00e9s de roca i t\u00e9 m\u00e9s desnivell.<\/p>\n<p>&nbsp;<\/p>\n<p><a href=\"http:\/\/www.conselharan.org\/wp-content\/uploads\/2015\/11\/CABLE.jpg\"><img loading=\"lazy\" decoding=\"async\" class=\"aligncenter size-large wp-image-8948\" src=\"http:\/\/www.conselharan.org\/wp-content\/uploads\/2015\/11\/CABLE-1024x579.jpg\" alt=\"CABLE\" width=\"1024\" height=\"579\" srcset=\"https:\/\/www.conselharan.org\/wp-content\/uploads\/2015\/11\/CABLE-1024x579.jpg 1024w, https:\/\/www.conselharan.org\/wp-content\/uploads\/2015\/11\/CABLE-300x170.jpg 300w, https:\/\/www.conselharan.org\/wp-content\/uploads\/2015\/11\/CABLE.jpg 1611w\" sizes=\"(max-width: 1024px) 100vw, 1024px\" \/><\/a><\/p>\n<p>&nbsp;<\/p>\n<p>Tamb\u00e9 en aquests moments s\u2019est\u00e0 construint la fossa s\u00e8ptica i l&#8217;espai necessari per la ubicaci\u00f3 de la microturbina hidr\u00e0ulica que produir\u00e0 6KW per l\u2019enllumenat de l&#8217;ampliaci\u00f3 del refugi del pla dret que s\u2019ha de construir en la primavera del 2016.<\/p>\n<p>Aquestes obres han comptat amb una<strong> inversi\u00f3 d\u201911.000\u20ac la senyalitzaci\u00f3 de C\u00f2th deth H\u00f2ro i 132.000\u20ac la fossa s\u00e8ptica, la microturbina i la canalitzaci\u00f3 de l&#8217;aigua del barranc de Pom\u00e8ro fins a la microturbina.<\/strong><\/p>\n ","protected":false},"excerpt":{"rendered":"<p>\u2022 El cam\u00ed senyalitzat t\u00e9 un desnivell de 765m i 3.000m de recorregut. &nbsp; Ja s\u2019han executat les obres de senyalitzaci\u00f3 orientativa i situaci\u00f3 del cable de suport per garantir una major seguretat pels usuaris que decideixin utilitzar la ruta aranesa per l&#8217;Aneto a trav\u00e9s de C\u00f2th deth H\u00f2ro i pas dels aranesos. &nbsp; Aquest&#8230;<\/p>\n","protected":false},"author":2,"featured_media":8949,"comment_status":"closed","ping_status":"closed","sticky":false,"template":"","format":"standard","meta":{"footnotes":""},"categories":[31,53,127,33,36],"tags":[],"_links":{"self":[{"href":"https:\/\/www.conselharan.org\/ca\/wp-json\/wp\/v2\/posts\/8951"}],"collection":[{"href":"https:\/\/www.conselharan.org\/ca\/wp-json\/wp\/v2\/posts"}],"about":[{"href":"https:\/\/www.conselharan.org\/ca\/wp-json\/wp\/v2\/types\/post"}],"author":[{"embeddable":true,"href":"https:\/\/www.conselharan.org\/ca\/wp-json\/wp\/v2\/users\/2"}],"replies":[{"embeddable":true,"href":"https:\/\/www.conselharan.org\/ca\/wp-json\/wp\/v2\/comments?post=8951"}],"version-history":[{"count":1,"href":"https:\/\/www.conselharan.org\/ca\/wp-json\/wp\/v2\/posts\/8951\/revisions"}],"predecessor-version":[{"id":8952,"href":"https:\/\/www.conselharan.org\/ca\/wp-json\/wp\/v2\/posts\/8951\/revisions\/8952"}],"wp:featuredmedia":[{"embeddable":true,"href":"https:\/\/www.conselharan.org\/ca\/wp-json\/wp\/v2\/media\/8949"}],"wp:attachment":[{"href":"https:\/\/www.conselharan.org\/ca\/wp-json\/wp\/v2\/media?parent=8951"}],"wp:term":[{"taxonomy":"category","embeddable":true,"href":"https:\/\/www.conselharan.org\/ca\/wp-json\/wp\/v2\/categories?post=8951"},{"taxonomy":"post_tag","embeddable":true,"href":"https:\/\/www.conselharan.org\/ca\/wp-json\/wp\/v2\/tags?post=8951"}],"curies":[{"name":"wp","href":"https:\/\/api.w.org\/{rel}","templated":true}]}}