{"id":8971,"date":"2015-11-21T08:15:36","date_gmt":"2015-11-21T07:15:36","guid":{"rendered":"http:\/\/www.conselharan.org\/ca\/?p=8971"},"modified":"2015-11-21T08:15:36","modified_gmt":"2015-11-21T07:15:36","slug":"sarah-world-presente-era-bossa-exclusiva-pireneus-en-snowfest-2015","status":"publish","type":"post","link":"https:\/\/www.conselharan.org\/ca\/sarah-world-presente-era-bossa-exclusiva-pireneus-en-snowfest-2015\/","title":{"rendered":"SARAH WORLD PRESENTE ERA BOSSA EXCLUSIUA &#8220;PIREN\u00c8US&#8221; EN SNOWFEST 2015"},"content":{"rendered":"<p><strong>Era equipa de dessenh de SarahWorld, (m\u00e8rca joena deth grop Sara Navarro cabeci\u00e8r deth sector de cau\u00e7at en Espanha), presentar\u00e0 ena edicion Snowfest Pireneus 2015 era colleccion c\u00e0psula SarahWorld de sabates e complements d&#8217;iu\u00e8rn Eco-cold, Eco-chic. Se presentar\u00e0 tanben en &#8220;premier&#8221; era bossa Piren\u00e8us, m\u00e8s que m\u00e8s dessenhat entara tresau edicion d&#8217;aguest hestivau d&#8217;iu\u00e8rn qu&#8217;aur\u00e0 l\u00f2c ena Val d&#8217;Aran deth 27 ath 29 de noveme.<\/strong><\/p>\n<p>&nbsp;<\/p>\n<p><a href=\"http:\/\/www.conselharan.org\/wp-content\/uploads\/2015\/11\/BOLSO-PIRINEUS-SARAH-WORLD.png\"><img loading=\"lazy\" decoding=\"async\" class=\"aligncenter size-full wp-image-8966\" src=\"http:\/\/www.conselharan.org\/wp-content\/uploads\/2015\/11\/BOLSO-PIRINEUS-SARAH-WORLD.png\" alt=\"BOLSO PIRINEUS SARAH WORLD\" width=\"753\" height=\"512\" srcset=\"https:\/\/www.conselharan.org\/wp-content\/uploads\/2015\/11\/BOLSO-PIRINEUS-SARAH-WORLD.png 753w, https:\/\/www.conselharan.org\/wp-content\/uploads\/2015\/11\/BOLSO-PIRINEUS-SARAH-WORLD-300x204.png 300w\" sizes=\"(max-width: 753px) 100vw, 753px\" \/><\/a><\/p>\n<p><em>Bossa Piren\u00e8us<\/em><\/p>\n<p>&nbsp;<\/p>\n<p>Ua m\u00f2stra de sabates d&#8217;iu\u00e8rn, b\u00f2tes e complements damb n\u00f2ms coma <strong>Baqueira, Aran, Nh\u00e8u, Aneto <\/strong>o<strong> Montgarri<\/strong>, dessenhades e fabricades artesanalment pera equipa de Sara entara sua colleccion iuernau e Eco-chic SarahWorld, poder\u00e0 veder-se ena edicion de Snowfest Piren\u00e8us d&#8217;enguan. Ser\u00e0 concr\u00e8taments en recinte de Winter Expo, eth salon de m\u00e8rques tecniques nh\u00e8u e m\u00f2da esportiua e d&#8217;iu\u00e8rn que transcor en parallel ad aguest hestivau, \u00e7\u00f2 de m\u00e8s d&#8217;important des Piren\u00e8us.<\/p>\n<p>Se presentar\u00e0 tanben era <strong>Bossa Piren\u00e8us,<\/strong> ua bossa m\u00e8s que m\u00e8s <em>customizada<\/em> entad aguesta edicion de Snowfest. Se tracte d&#8217;ua bossa <em>charol<\/em> color cardenal pintat ara aigua damb dobla tapeta de doubl\u00e9 acharolada damb rev\u00e9s blu marin de peu arrissat damb chap\u00f3n metallic en frontau e m\u00e8rca grauada eth baish rel\u00e8u. Ath laguens, antelina damb ef\u00e8cte smooth e dobles compartiments.<\/p>\n<p><a href=\"http:\/\/www.conselharan.org\/wp-content\/uploads\/2015\/11\/BOTAS-BAQUEIRA-by-SARAHWORLD-FOR-SNOWFEST1.png\"><img loading=\"lazy\" decoding=\"async\" class=\"aligncenter size-full wp-image-8968\" src=\"http:\/\/www.conselharan.org\/wp-content\/uploads\/2015\/11\/BOTAS-BAQUEIRA-by-SARAHWORLD-FOR-SNOWFEST1.png\" alt=\"BOTAS BAQUEIRA by SARAHWORLD FOR SNOWFEST\" width=\"485\" height=\"491\" srcset=\"https:\/\/www.conselharan.org\/wp-content\/uploads\/2015\/11\/BOTAS-BAQUEIRA-by-SARAHWORLD-FOR-SNOWFEST1.png 485w, https:\/\/www.conselharan.org\/wp-content\/uploads\/2015\/11\/BOTAS-BAQUEIRA-by-SARAHWORLD-FOR-SNOWFEST1-296x300.png 296w, https:\/\/www.conselharan.org\/wp-content\/uploads\/2015\/11\/BOTAS-BAQUEIRA-by-SARAHWORLD-FOR-SNOWFEST1-75x75.png 75w\" sizes=\"(max-width: 485px) 100vw, 485px\" \/><\/a><\/p>\n<p>&nbsp;<\/p>\n<p><em>Botes Baqueira<\/em><\/p>\n<p>&nbsp;<\/p>\n<p>Era bossa, atau coma es sabates e complements de <strong>SarahWorld,<\/strong> era linha Eco-cool, Eco- chic deth grop <strong>Sara Navarro<\/strong>, se sostien sus quate pilars: dessenh, tradicion e artesania, ecologia e sostenibilitat e innovacion.<\/p>\n<p><strong>&#8220;Es Piren\u00e8us an estat aguest c\u00f2p era mia inspiracion ent\u00e0 dessenhar aguesta bossa, a on era p\u00e8th e eth peu representen era autenticitat e era tradicion d&#8217;aguestes majestuoses montanhes, e eth dessenh Eco-cool, damb es <em>xarols tornasolados<\/em> en tot representar era aigua e eth peu tinturat de colors, er asp\u00e8cte m\u00e8s mod\u00e8rne e innovador des estacions d&#8217;esqu\u00ed dera Val d&#8217;Aran, coma Baqueira Beret&#8221;-<\/strong> explique era dessenhaira.<\/p>\n<p>Snowfest 2015 arrincar\u00e0 eth diuendres 27 de noveme damb era inauguracion oficiau en Vielha, presidida per <strong>Aymar Navarro<\/strong>, coneishut freerider e pairin dera edicion d&#8217;enguan, e eth dissabte 28 en scenari de Winter Expo e ath costat des dessenhs de <strong>Sarah World, Oriol Balaguer<\/strong>, un des melhors m\u00e8stres pastissers d&#8217;Espanha presentar\u00e0 eth <strong>Bombon Snowfest<\/strong> en ua degustacion publica.<\/p>\n<p>Era tarde deth dissabte arrincar\u00e0 damb era projeccion deth vid\u00e8o &#8220;<em><strong>Searching the Line<\/strong><\/em>&#8221; d&#8217;<strong>Aymar Navarro<\/strong>, ent\u00e0 contunhar damb un espectacle de <strong>patinatge artistic<\/strong> que recree sc\u00e8nes deth Rei Le\u00f3n, eth conc\u00e8rt deth grop indie-r\u00f2ck<strong> Kid Wise<\/strong> e ua session de musica electronica damb eth <strong>DJ D-Yan.<\/strong><\/p>\n<p>E f\u00f2r\u00e7a m\u00e8s, pr&#8217;amor qu&#8217;en programa Snowfest 2015 i aur\u00e0 tanben ua d<strong>an\u00e7a flashmob<\/strong> en aumenatge ara nh\u00e8u, m\u00f2stres d&#8217;artesania e degustacion dera variada gastronomia dera Val d&#8217;Aran, desfilades de m\u00f2da, passades de documentaus restacadi damb era nh\u00e8u, ioga, visites guidades per b\u00e8res ues des m\u00e8s b\u00e8res gl\u00e8ises romaniques dera z\u00f2na e un long eca d&#8217;activitats ent\u00e0 toti es publics que culminar\u00e0 damb eth t\u00f2ia de <strong>fortfaits entara estacion de Baqueira Beret<\/strong>, esqu\u00eds e ua pla\u00e7a ent\u00e0 <strong>GORE-TEX Experience Tou<\/strong>r, ua expedicion de <strong>Freeriding ath costat d&#8217;Aymar Navarro<\/strong>, que debanar\u00e0 enes i\u00e8rles Lofoten eth 2016.<\/p>\n<p><strong>Aguestes activitats son possibles merc\u00e9s ara collaboracion deth Conselh Generau d&#8217;Aran, Torisme Val d&#8217;Aran, Baqueira-Beret, es Ajuntaments de Naut Aran, Vielha e Mijaran, e Boss\u00f2st, era Deputacion de Lh\u00e8ida, IDAPA o eth Cons\u00f2rci de Com\u00e8r\u00e7 e M\u00f2da de Catalonha (Generalitat de Catalonha) e f\u00f2r\u00e7a autes entitats e establiments collaboradors que s&#8217;an somat aguesta edicion de Snowfest Piren\u00e8us 2015.<\/strong><\/p>\n<p><em><strong>Snowfest Piren\u00e8us- Benvengut ar iu\u00e8rn<\/strong><\/em><\/p>\n<p>Snowfest Piren\u00e8us ei un hestivau dera nh\u00e8u que neishec eth 2013 e qu&#8217;eth 2015 cel\u00e8bre era sua tresau edicion deth 27 ath 29 de noveme, ena Val d&#8217;Aran, ent\u00e0 dar era benvenguda ar iu\u00e8rn enes Piren\u00e8us. Er eveniment difer\u00e9ncie dus asp\u00e8ctes: un Hestivau, damb activitats esportiues, ludiques, artistic-culturaus, musicaus e gastronomiques a trau\u00e8s d&#8217;un compl\u00e8t programa ent\u00e0 toti es publics que rebat era man\u00e8ra de vida e es activitats de montanha m\u00e8s destacada des Piren\u00e8us centraus. Ua h\u00e8ira, damb eth salon d&#8217;iu\u00e8rn Winter Expo en Palai d&#8217;Esp\u00f2rts de Vielha, a on s&#8217;exibir\u00e0n prum\u00e8res m\u00e8rques de nh\u00e8u (r\u00f2ba tecnica e materiau d&#8217;esp\u00f2rt), m\u00f2da d&#8217;iu\u00e8rn, es prepauses d&#8217;\u00f2ci de torisme iuernau e era presentacion des eveniments dera sason de nh\u00e8u.<\/p>\n<p><a href=\"http:\/\/www.conselharan.org\/wp-content\/uploads\/2015\/11\/Sara-Navarro-Snowfest-2015.jpg\"><img loading=\"lazy\" decoding=\"async\" class=\"aligncenter size-full wp-image-8965\" src=\"http:\/\/www.conselharan.org\/wp-content\/uploads\/2015\/11\/Sara-Navarro-Snowfest-2015.jpg\" alt=\"Sara Navarro Snowfest 2015\" width=\"750\" height=\"969\" srcset=\"https:\/\/www.conselharan.org\/wp-content\/uploads\/2015\/11\/Sara-Navarro-Snowfest-2015.jpg 750w, https:\/\/www.conselharan.org\/wp-content\/uploads\/2015\/11\/Sara-Navarro-Snowfest-2015-232x300.jpg 232w\" sizes=\"(max-width: 750px) 100vw, 750px\" \/><\/a><\/p>\n<p><em>Sara Navarro<\/em><\/p>\n<p><strong>\u00a0<\/strong><\/p>\n<p><em><strong>Sarah World ( by Sara Navarro group )<\/strong><\/em><\/p>\n<p>Eth grop Sara Navarro aparten ara tresau generacion d&#8217;ua familha de mestieraus e industriaus deth cau\u00e7at dera ciutat d&#8217;Elda, en Alacant, ua z\u00f2na tradicionauments dedicada ad aguest sector. En junhs\u00e8ga de 1979, se cree era m\u00e8rca omonima, en tot aportar ara empresa familhar eth s\u00f2n esperit de dessenh, avantgarda e creativitat. Des der an 2000 dirig\u00eds era companhia, SarahWorld, que compren diu\u00e8rses linhes de cau\u00e7at, bosses e complements jos er &#8220;slogan&#8221; Eco-Cool \/ Eco-Chic: dessenhs damb esperit green friendly, refl\u00e8xe d&#8217;un consum responsable e un comprom\u00eds damb era planeta, que se n&#8217;exp\u00f2rte 80% dera produccion. Era dessenhaira a arrecebut pr\u00e8mis de grana import\u00e0ncia qu&#8217;apiegen era sua traject\u00f2ria professionau, que se tr\u00f2ben entre eth Pr\u00e8mi FEDEPE ara Hemna Empres\u00e0ria der An 2002, o era Medalha d&#8217;Aur ath Merit enes B\u00e8res arts eth 2005<\/p>\n ","protected":false},"excerpt":{"rendered":"<p>Era equipa de dessenh de SarahWorld, (m\u00e8rca joena deth grop Sara Navarro cabeci\u00e8r deth sector de cau\u00e7at en Espanha), presentar\u00e0 ena edicion Snowfest Pireneus 2015 era colleccion c\u00e0psula SarahWorld de sabates e complements d&#8217;iu\u00e8rn Eco-cold, Eco-chic. Se presentar\u00e0 tanben en &#8220;premier&#8221; era bossa Piren\u00e8us, m\u00e8s que m\u00e8s dessenhat entara tresau edicion d&#8217;aguest hestivau d&#8217;iu\u00e8rn qu&#8217;aur\u00e0&#8230;<\/p>\n","protected":false},"author":2,"featured_media":0,"comment_status":"closed","ping_status":"closed","sticky":false,"template":"","format":"standard","meta":{"footnotes":""},"categories":[31,33,36],"tags":[],"_links":{"self":[{"href":"https:\/\/www.conselharan.org\/ca\/wp-json\/wp\/v2\/posts\/8971"}],"collection":[{"href":"https:\/\/www.conselharan.org\/ca\/wp-json\/wp\/v2\/posts"}],"about":[{"href":"https:\/\/www.conselharan.org\/ca\/wp-json\/wp\/v2\/types\/post"}],"author":[{"embeddable":true,"href":"https:\/\/www.conselharan.org\/ca\/wp-json\/wp\/v2\/users\/2"}],"replies":[{"embeddable":true,"href":"https:\/\/www.conselharan.org\/ca\/wp-json\/wp\/v2\/comments?post=8971"}],"version-history":[{"count":0,"href":"https:\/\/www.conselharan.org\/ca\/wp-json\/wp\/v2\/posts\/8971\/revisions"}],"wp:attachment":[{"href":"https:\/\/www.conselharan.org\/ca\/wp-json\/wp\/v2\/media?parent=8971"}],"wp:term":[{"taxonomy":"category","embeddable":true,"href":"https:\/\/www.conselharan.org\/ca\/wp-json\/wp\/v2\/categories?post=8971"},{"taxonomy":"post_tag","embeddable":true,"href":"https:\/\/www.conselharan.org\/ca\/wp-json\/wp\/v2\/tags?post=8971"}],"curies":[{"name":"wp","href":"https:\/\/api.w.org\/{rel}","templated":true}]}}