{"id":8979,"date":"2015-11-23T11:30:13","date_gmt":"2015-11-23T10:30:13","guid":{"rendered":"http:\/\/www.conselharan.org\/ca\/?p=8979"},"modified":"2015-11-23T11:30:13","modified_gmt":"2015-11-23T10:30:13","slug":"el-conselh-daran-commemora-el-dia-internacional-contra-la-violencia-de-genere-amb-diversos-actes","status":"publish","type":"post","link":"https:\/\/www.conselharan.org\/ca\/el-conselh-daran-commemora-el-dia-internacional-contra-la-violencia-de-genere-amb-diversos-actes\/","title":{"rendered":"El Conselh d\u2019Aran commemora el Dia Internacional contra la Viol\u00e8ncia de G\u00e8nere amb diversos actes"},"content":{"rendered":"<p>\u2022<strong> El Palai de G\u00e8u de Vielha imparteix un curs d\u2019autodefensa fins al 9 de desembre on el nostre cos \u00e9s l&#8217;instrument per la pr\u00f2pia protecci\u00f3.<\/strong><\/p>\n<p><strong>\u2022 La lectura d\u2019un manifest contra la viol\u00e8ncia de g\u00e8nere, la projecci\u00f3 d\u2019un documental i la informaci\u00f3 sobre el Protocol d\u2019Intervenci\u00f3 de la Viol\u00e8ncia de G\u00e8nere a la Val d\u2019Aran, entre els actes commemoratius del 25 de novembre, dia Internacional contra la Viol\u00e8ncia de G\u00e8nere.<\/strong><\/p>\n<p><a href=\"http:\/\/www.conselharan.org\/wp-content\/uploads\/2015\/11\/ACTES-COMMEMORATIUS-DETH-25-DE-NOVEME-OK.jpg\"><img loading=\"lazy\" decoding=\"async\" class=\"aligncenter size-large wp-image-8976\" src=\"http:\/\/www.conselharan.org\/wp-content\/uploads\/2015\/11\/ACTES-COMMEMORATIUS-DETH-25-DE-NOVEME-OK-724x1024.jpg\" alt=\"ACTES COMMEMORATIUS DETH 25 DE NOVEME OK\" width=\"724\" height=\"1024\" srcset=\"https:\/\/www.conselharan.org\/wp-content\/uploads\/2015\/11\/ACTES-COMMEMORATIUS-DETH-25-DE-NOVEME-OK-724x1024.jpg 724w, https:\/\/www.conselharan.org\/wp-content\/uploads\/2015\/11\/ACTES-COMMEMORATIUS-DETH-25-DE-NOVEME-OK-212x300.jpg 212w\" sizes=\"(max-width: 724px) 100vw, 724px\" \/><\/a><\/p>\n<p>&nbsp;<\/p>\n<p>El Conselh Generau d\u2019Aran, a trav\u00e9s del <strong>Servei d&#8217;Informaci\u00f3 i Atenci\u00f3 a la Dona (SIAH)<\/strong>, commemora el Dia Internacional contra la viol\u00e8ncia de g\u00e8nere amb diversos actes, que tindran lloc els propers dies. Per obrir els actes commemoratius, <strong>fins al 9 de desembre,<\/strong> el <strong>Palai de G\u00e8u de Vielha<\/strong> ofereix un curs d\u2019autodefensa on l&#8217;objectiu \u00e9s descobrir els recursos naturals de defensa personal, coneixent instruments psicol\u00f2gics, la relaci\u00f3 entre emocions i intu\u00efci\u00f3, els instruments corporals i els punts vulnerables per la pr\u00f2pia protecci\u00f3.<\/p>\n<p>El <strong>dimecres, 25 de novembre, a les 12:00 hores<\/strong>, la pla\u00e7a del Conselh Generau d\u2019Aran acollir\u00e0 la lectura del <strong>manifest en commemoraci\u00f3 del Dia Internacional contra la viol\u00e8ncia de g\u00e8nere<\/strong> a c\u00e0rrec de la conselh\u00e8ra de Salut i Benestar d\u2019Aran,<strong> Anna D\u00edaz.<\/strong><\/p>\n<p>El mateix dia 25,<strong> a les 20:00 hores<\/strong> en la seu del Conselh Generau, tindr\u00e0 lloc la projecci\u00f3 del documental <em><strong>\u201cLa maleta de Marta\u201d<\/strong><\/em>, on es mostra la lluita d\u2019una dona maltractada i d\u2019alguns homes que han estat agressors i segueixen un programa de rehabilitaci\u00f3. Tot seguit i per tancar els actes commemoratius, en el Conselh <strong>a les 21:15 hores,<\/strong> es donar\u00e0 informaci\u00f3 sobre el <strong>Protocol d\u2019Intervenci\u00f3 de la Viol\u00e8ncia de G\u00e8nere a la Val d\u2019Aran<\/strong>.<\/p>\n ","protected":false},"excerpt":{"rendered":"<p>\u2022 El Palai de G\u00e8u de Vielha imparteix un curs d\u2019autodefensa fins al 9 de desembre on el nostre cos \u00e9s l&#8217;instrument per la pr\u00f2pia protecci\u00f3. \u2022 La lectura d\u2019un manifest contra la viol\u00e8ncia de g\u00e8nere, la projecci\u00f3 d\u2019un documental i la informaci\u00f3 sobre el Protocol d\u2019Intervenci\u00f3 de la Viol\u00e8ncia de G\u00e8nere a la Val&#8230;<\/p>\n","protected":false},"author":2,"featured_media":8977,"comment_status":"closed","ping_status":"closed","sticky":false,"template":"","format":"standard","meta":{"footnotes":""},"categories":[31,33,36],"tags":[],"_links":{"self":[{"href":"https:\/\/www.conselharan.org\/ca\/wp-json\/wp\/v2\/posts\/8979"}],"collection":[{"href":"https:\/\/www.conselharan.org\/ca\/wp-json\/wp\/v2\/posts"}],"about":[{"href":"https:\/\/www.conselharan.org\/ca\/wp-json\/wp\/v2\/types\/post"}],"author":[{"embeddable":true,"href":"https:\/\/www.conselharan.org\/ca\/wp-json\/wp\/v2\/users\/2"}],"replies":[{"embeddable":true,"href":"https:\/\/www.conselharan.org\/ca\/wp-json\/wp\/v2\/comments?post=8979"}],"version-history":[{"count":1,"href":"https:\/\/www.conselharan.org\/ca\/wp-json\/wp\/v2\/posts\/8979\/revisions"}],"predecessor-version":[{"id":8980,"href":"https:\/\/www.conselharan.org\/ca\/wp-json\/wp\/v2\/posts\/8979\/revisions\/8980"}],"wp:featuredmedia":[{"embeddable":true,"href":"https:\/\/www.conselharan.org\/ca\/wp-json\/wp\/v2\/media\/8977"}],"wp:attachment":[{"href":"https:\/\/www.conselharan.org\/ca\/wp-json\/wp\/v2\/media?parent=8979"}],"wp:term":[{"taxonomy":"category","embeddable":true,"href":"https:\/\/www.conselharan.org\/ca\/wp-json\/wp\/v2\/categories?post=8979"},{"taxonomy":"post_tag","embeddable":true,"href":"https:\/\/www.conselharan.org\/ca\/wp-json\/wp\/v2\/tags?post=8979"}],"curies":[{"name":"wp","href":"https:\/\/api.w.org\/{rel}","templated":true}]}}