{"id":9000,"date":"2015-11-24T12:36:39","date_gmt":"2015-11-24T11:36:39","guid":{"rendered":"http:\/\/www.conselharan.org\/ca\/?p=9000"},"modified":"2015-11-24T12:36:39","modified_gmt":"2015-11-24T11:36:39","slug":"comunicat-de-situacio-de-prealerta-de-linuncat","status":"publish","type":"post","link":"https:\/\/www.conselharan.org\/ca\/comunicat-de-situacio-de-prealerta-de-linuncat\/","title":{"rendered":"COMUNICAT DE SITUACI\u00d3 DE PREALERTA DE L\u2019INUNCAT"},"content":{"rendered":"<p><a href=\"http:\/\/www.conselharan.org\/wp-content\/uploads\/2015\/11\/Diapositiva1.jpg\"><img loading=\"lazy\" decoding=\"async\" class=\"aligncenter size-full wp-image-8998\" src=\"http:\/\/www.conselharan.org\/wp-content\/uploads\/2015\/11\/Diapositiva1.jpg\" alt=\"Diapositiva1\" width=\"829\" height=\"693\" srcset=\"https:\/\/www.conselharan.org\/wp-content\/uploads\/2015\/11\/Diapositiva1.jpg 829w, https:\/\/www.conselharan.org\/wp-content\/uploads\/2015\/11\/Diapositiva1-300x251.jpg 300w\" sizes=\"(max-width: 829px) 100vw, 829px\" \/><\/a><\/p>\n<p>Es comunica que en base a les previsions meteorol\u00f2giques emeses pel Servei Meteorol\u00f2gic de Catalunya i a les afectacions que es preveu que se\u2019n puguin derivar, correspon posar el Pla especial d\u2019emerg\u00e8ncies per inundacions a Catalunya (INUNCAT) en fase de Prealerta.<\/p>\n<p>Segons informa el SMC, s\u2019espera superaci\u00f3 del llindar d\u2019acumulaci\u00f3 de pluja de 100mm\/24 hores a partir de primera hora de dimecres 25 de novembre i fins dijous al mat\u00ed als territoris de la Val d\u2019Aran, Alta Ribagor\u00e7a i Pallars Sobir\u00e0. Tamb\u00e9 s\u2019informa que dem\u00e0 dimecres la cota de neu voltar\u00e0 els 1600m i que al final del dia pot baixar fins els 1400m.<\/p>\n<p><a href=\"http:\/\/www.conselharan.org\/wp-content\/uploads\/2015\/11\/I-45115_COMUNICAT_CECAT_20151124112420-2.jpg\"><img loading=\"lazy\" decoding=\"async\" class=\"aligncenter size-large wp-image-8996\" src=\"http:\/\/www.conselharan.org\/wp-content\/uploads\/2015\/11\/I-45115_COMUNICAT_CECAT_20151124112420-2-603x1024.jpg\" alt=\"I-45115_COMUNICAT_CECAT_20151124112420-2\" width=\"603\" height=\"1024\" srcset=\"https:\/\/www.conselharan.org\/wp-content\/uploads\/2015\/11\/I-45115_COMUNICAT_CECAT_20151124112420-2-603x1024.jpg 603w, https:\/\/www.conselharan.org\/wp-content\/uploads\/2015\/11\/I-45115_COMUNICAT_CECAT_20151124112420-2-177x300.jpg 177w, https:\/\/www.conselharan.org\/wp-content\/uploads\/2015\/11\/I-45115_COMUNICAT_CECAT_20151124112420-2.jpg 1896w\" sizes=\"(max-width: 603px) 100vw, 603px\" \/><\/a><\/p>\n<p><a href=\"http:\/\/www.conselharan.org\/wp-content\/uploads\/2015\/11\/I-45115_COMUNICAT_CECAT_20151124112420-3.jpg\"><img loading=\"lazy\" decoding=\"async\" class=\"aligncenter size-large wp-image-8997\" src=\"http:\/\/www.conselharan.org\/wp-content\/uploads\/2015\/11\/I-45115_COMUNICAT_CECAT_20151124112420-3-603x1024.jpg\" alt=\"I-45115_COMUNICAT_CECAT_20151124112420-3\" width=\"603\" height=\"1024\" srcset=\"https:\/\/www.conselharan.org\/wp-content\/uploads\/2015\/11\/I-45115_COMUNICAT_CECAT_20151124112420-3-603x1024.jpg 603w, https:\/\/www.conselharan.org\/wp-content\/uploads\/2015\/11\/I-45115_COMUNICAT_CECAT_20151124112420-3-177x300.jpg 177w, https:\/\/www.conselharan.org\/wp-content\/uploads\/2015\/11\/I-45115_COMUNICAT_CECAT_20151124112420-3.jpg 1896w\" sizes=\"(max-width: 603px) 100vw, 603px\" \/><\/a><\/p>\n<p>&nbsp;<\/p>\n<p><strong>Episodi de superaci\u00f3 llindar 100mm\/24h d\u2019acumulaci\u00f3 de pluja:<\/strong><br \/>\n<strong> Data i hora:<\/strong> de les 6h de dem\u00e0 dimecres 25\/11 fins a les 6h de dijous 26\/11.<br \/>\n<strong>Zona geogr\u00e0fica:<\/strong> Val d\u2019Aran, Pallars Sobir\u00e0 i Alta Ribagor\u00e7a.<\/p>\n<p>M\u00e9s informaci\u00f3:\u00a0<a href=\"http:\/\/www.conselharan.org\/wp-content\/uploads\/2015\/11\/I-45115_COMUNICAT_CECAT_20151124112420.pdf\">I-45115_COMUNICAT_CECAT_20151124112420<\/a><\/p>\n<p>&nbsp;<\/p>\n ","protected":false},"excerpt":{"rendered":"<p>Es comunica que en base a les previsions meteorol\u00f2giques emeses pel Servei Meteorol\u00f2gic de Catalunya i a les afectacions que es preveu que se\u2019n puguin derivar, correspon posar el Pla especial d\u2019emerg\u00e8ncies per inundacions a Catalunya (INUNCAT) en fase de Prealerta. Segons informa el SMC, s\u2019espera superaci\u00f3 del llindar d\u2019acumulaci\u00f3 de pluja de 100mm\/24 hores&#8230;<\/p>\n","protected":false},"author":2,"featured_media":8998,"comment_status":"closed","ping_status":"closed","sticky":false,"template":"","format":"standard","meta":{"footnotes":""},"categories":[31,33,36],"tags":[],"_links":{"self":[{"href":"https:\/\/www.conselharan.org\/ca\/wp-json\/wp\/v2\/posts\/9000"}],"collection":[{"href":"https:\/\/www.conselharan.org\/ca\/wp-json\/wp\/v2\/posts"}],"about":[{"href":"https:\/\/www.conselharan.org\/ca\/wp-json\/wp\/v2\/types\/post"}],"author":[{"embeddable":true,"href":"https:\/\/www.conselharan.org\/ca\/wp-json\/wp\/v2\/users\/2"}],"replies":[{"embeddable":true,"href":"https:\/\/www.conselharan.org\/ca\/wp-json\/wp\/v2\/comments?post=9000"}],"version-history":[{"count":1,"href":"https:\/\/www.conselharan.org\/ca\/wp-json\/wp\/v2\/posts\/9000\/revisions"}],"predecessor-version":[{"id":9001,"href":"https:\/\/www.conselharan.org\/ca\/wp-json\/wp\/v2\/posts\/9000\/revisions\/9001"}],"wp:featuredmedia":[{"embeddable":true,"href":"https:\/\/www.conselharan.org\/ca\/wp-json\/wp\/v2\/media\/8998"}],"wp:attachment":[{"href":"https:\/\/www.conselharan.org\/ca\/wp-json\/wp\/v2\/media?parent=9000"}],"wp:term":[{"taxonomy":"category","embeddable":true,"href":"https:\/\/www.conselharan.org\/ca\/wp-json\/wp\/v2\/categories?post=9000"},{"taxonomy":"post_tag","embeddable":true,"href":"https:\/\/www.conselharan.org\/ca\/wp-json\/wp\/v2\/tags?post=9000"}],"curies":[{"name":"wp","href":"https:\/\/api.w.org\/{rel}","templated":true}]}}