{"id":9014,"date":"2015-11-24T15:33:56","date_gmt":"2015-11-24T14:33:56","guid":{"rendered":"http:\/\/www.conselharan.org\/ca\/?p=9014"},"modified":"2015-11-24T15:33:56","modified_gmt":"2015-11-24T14:33:56","slug":"la-val-daran-al-viiie-concurs-morfologic-nacional-cavall-pirinenc-catala","status":"publish","type":"post","link":"https:\/\/www.conselharan.org\/ca\/la-val-daran-al-viiie-concurs-morfologic-nacional-cavall-pirinenc-catala\/","title":{"rendered":"La Val d\u2019Aran al VIII\u00e8 Concurs Morfol\u00f2gic Nacional \u201cCavall Pirinenc- Catal\u00e0\u201d"},"content":{"rendered":"<p><strong>La Val d\u2019Aran va estar present amb 20 cavalls d\u2019un total de 84 que van participar.<\/strong><\/p>\n<p><strong>L\u2019aran\u00e8s Joan Espa\u00f1a va guanyar la categoria Ter\u00e7ona amb Bala.<\/strong><\/p>\n<p><a href=\"http:\/\/www.conselharan.org\/wp-content\/uploads\/2015\/11\/concurs-nacional-olot-cavall-pirinenc-catal\u00e0.jpg\"><img loading=\"lazy\" decoding=\"async\" class=\"aligncenter size-full wp-image-9011\" src=\"http:\/\/www.conselharan.org\/wp-content\/uploads\/2015\/11\/concurs-nacional-olot-cavall-pirinenc-catal\u00e0.jpg\" alt=\"concurs nacional olot- cavall pirinenc catal\u00e0\" width=\"640\" height=\"480\" srcset=\"https:\/\/www.conselharan.org\/wp-content\/uploads\/2015\/11\/concurs-nacional-olot-cavall-pirinenc-catal\u00e0.jpg 640w, https:\/\/www.conselharan.org\/wp-content\/uploads\/2015\/11\/concurs-nacional-olot-cavall-pirinenc-catal\u00e0-300x225.jpg 300w\" sizes=\"(max-width: 640px) 100vw, 640px\" \/><\/a><\/p>\n<p>&nbsp;<\/p>\n<p>El passat dia 14 de novembre es va celebrar a Olot el <strong>VIII\u00e8 Concurs Morfol\u00f2gic Nacional \u201cCavall Pirinenc- Catal\u00e0\u201d<\/strong>. Aquest \u00e9s un concurs morfol\u00f2gic de la ra\u00e7a del Cavall Pirinenc Catal\u00e0 en qu\u00e8 participen els guanyadors dels diversos concursos del Pirineu. La Val d\u2019Aran va estar present amb 20 cavalls d\u2019un total de 84 que van participar.<\/p>\n<p>Representants de l\u2019<strong>Associaci\u00f3 de criadors del cavall de ra\u00e7a \u201cCavall Pirinenc Catal\u00e0\u201d de la Val d\u2019Aran<\/strong> van col\u2022laborar en l\u2019organitzaci\u00f3 del concurs que va ser un \u00e8xit tant de participaci\u00f3 com de visitants.<\/p>\n<p>Els resultats d\u2019aquesta edici\u00f3 van ser:<\/p>\n<p><strong>CATEGORIA: SOBRANYA<\/strong><\/p>\n<p>1- Marioneta de Xavi Planella (Ripoll\u00e8s)<br \/>\n2- Sara 5 de Ca l\u2019Aleix (Cerdanya)<br \/>\n3- Xeta de Gemma Orteu (Pallars Sobir\u00e0)<\/p>\n<p><strong>CATEGORIA: SOBRANY<\/strong><\/p>\n<p>1- Solc de Xavi Sole (Pallars Sobir\u00e0)<br \/>\n2- Polit de Ca l\u2019Alsina (Cerdanya)<br \/>\n3- Bru de Maria Serra (Pallars Sobir\u00e0)<\/p>\n<p><a href=\"http:\/\/www.conselharan.org\/wp-content\/uploads\/2015\/11\/joan-espa\u00f1a.jpg\"><img loading=\"lazy\" decoding=\"async\" class=\"aligncenter size-full wp-image-9012\" src=\"http:\/\/www.conselharan.org\/wp-content\/uploads\/2015\/11\/joan-espa\u00f1a.jpg\" alt=\"joan espa\u00f1a\" width=\"960\" height=\"720\" srcset=\"https:\/\/www.conselharan.org\/wp-content\/uploads\/2015\/11\/joan-espa\u00f1a.jpg 960w, https:\/\/www.conselharan.org\/wp-content\/uploads\/2015\/11\/joan-espa\u00f1a-300x225.jpg 300w\" sizes=\"(max-width: 960px) 100vw, 960px\" \/><\/a><\/p>\n<p>&nbsp;<\/p>\n<p><strong>CATEGORIA: TER\u00c7ONA<\/strong><\/p>\n<p><strong>1- Bala de Joan Espa\u00f1a (Val d\u2019Aran)<\/strong><br \/>\n2- Lluna de Les Ferreres (Cerdanya)<br \/>\n3- Paleta de Bonicoi (Pallars Sobir\u00e0)<\/p>\n<p><strong>CATEGORIA: TER\u00c7\u00d2<\/strong><\/p>\n<p>1- Manso I de Sant Maria de Tallo (Cerdanya)<br \/>\n2- Max de Rafael Escola (Pallars Sobir\u00e0)<br \/>\n3- Mustel de Maria Serra (Pallars Sobir\u00e0)<\/p>\n<p><strong>CATEGORIA: EQUA I POLTRE- PARELLA<\/strong><\/p>\n<p>1- Umagine- Felon de Pere Tor (Cerdanya)<br \/>\n2- Cigonya- Pelgreen de Maria Serra (Pallars Sobir\u00e0)<br \/>\n3- Kuki- Cuca de Josep Barlab\u00e8 (Pallars Sobir\u00e0)<\/p>\n<p><strong>CATEGORIA: SEMENTAL<\/strong><\/p>\n<p>1- Sam de Casa Pey (Pallars Sobir\u00e0)<br \/>\n2- Max de Maria Serra (Pallars Sobir\u00e0)<br \/>\n2- Bon Jan de Joan Moret (Ripoll\u00e8s)<\/p>\n<p>El concurs va comptar amb la pres\u00e8ncia del conselh\u00e8r d\u2019Agricultura, Ramaderia i Medi Natural d\u2019Aran, <strong>Jose Enrique Arr\u00f3<\/strong>, que<strong> va agrair l\u2019esfor\u00e7 dels criadors aranesos per estar presents al concurs nacional.<\/strong><\/p>\n ","protected":false},"excerpt":{"rendered":"<p>La Val d\u2019Aran va estar present amb 20 cavalls d\u2019un total de 84 que van participar. L\u2019aran\u00e8s Joan Espa\u00f1a va guanyar la categoria Ter\u00e7ona amb Bala. &nbsp; El passat dia 14 de novembre es va celebrar a Olot el VIII\u00e8 Concurs Morfol\u00f2gic Nacional \u201cCavall Pirinenc- Catal\u00e0\u201d. Aquest \u00e9s un concurs morfol\u00f2gic de la ra\u00e7a del&#8230;<\/p>\n","protected":false},"author":2,"featured_media":9015,"comment_status":"closed","ping_status":"closed","sticky":false,"template":"","format":"standard","meta":{"footnotes":""},"categories":[31,127,33,36],"tags":[],"_links":{"self":[{"href":"https:\/\/www.conselharan.org\/ca\/wp-json\/wp\/v2\/posts\/9014"}],"collection":[{"href":"https:\/\/www.conselharan.org\/ca\/wp-json\/wp\/v2\/posts"}],"about":[{"href":"https:\/\/www.conselharan.org\/ca\/wp-json\/wp\/v2\/types\/post"}],"author":[{"embeddable":true,"href":"https:\/\/www.conselharan.org\/ca\/wp-json\/wp\/v2\/users\/2"}],"replies":[{"embeddable":true,"href":"https:\/\/www.conselharan.org\/ca\/wp-json\/wp\/v2\/comments?post=9014"}],"version-history":[{"count":1,"href":"https:\/\/www.conselharan.org\/ca\/wp-json\/wp\/v2\/posts\/9014\/revisions"}],"predecessor-version":[{"id":9016,"href":"https:\/\/www.conselharan.org\/ca\/wp-json\/wp\/v2\/posts\/9014\/revisions\/9016"}],"wp:featuredmedia":[{"embeddable":true,"href":"https:\/\/www.conselharan.org\/ca\/wp-json\/wp\/v2\/media\/9015"}],"wp:attachment":[{"href":"https:\/\/www.conselharan.org\/ca\/wp-json\/wp\/v2\/media?parent=9014"}],"wp:term":[{"taxonomy":"category","embeddable":true,"href":"https:\/\/www.conselharan.org\/ca\/wp-json\/wp\/v2\/categories?post=9014"},{"taxonomy":"post_tag","embeddable":true,"href":"https:\/\/www.conselharan.org\/ca\/wp-json\/wp\/v2\/tags?post=9014"}],"curies":[{"name":"wp","href":"https:\/\/api.w.org\/{rel}","templated":true}]}}