{"id":9032,"date":"2015-11-25T14:02:42","date_gmt":"2015-11-25T13:02:42","guid":{"rendered":"http:\/\/www.conselharan.org\/ca\/eth-plan-especiau-demergencies-per-inondacions-de-catalunya-inuncat-se-manten-ena-fasa-de-prealerta-ena-val-daran\/"},"modified":"2015-11-25T14:06:21","modified_gmt":"2015-11-25T13:06:21","slug":"eth-plan-especiau-demergencies-per-inondacions-de-catalunya-inuncat-se-manten-ena-fasa-de-prealerta-ena-val-daran","status":"publish","type":"post","link":"https:\/\/www.conselharan.org\/ca\/eth-plan-especiau-demergencies-per-inondacions-de-catalunya-inuncat-se-manten-ena-fasa-de-prealerta-ena-val-daran\/","title":{"rendered":"El Pla  Especial  d&#8217;emerg\u00e8ncies  per  inundacions  de  Catalunya  (INUNCAT)  es mant\u00e9  en  fase  de  Prealerta a la Val d\u2019Aran"},"content":{"rendered":"<p><a href=\"http:\/\/www.conselharan.org\/wp-content\/uploads\/2015\/11\/Diapositiva1.jpg\"><img loading=\"lazy\" decoding=\"async\" class=\"aligncenter size-full wp-image-8998\" src=\"http:\/\/www.conselharan.org\/wp-content\/uploads\/2015\/11\/Diapositiva1.jpg\" alt=\"Diapositiva1\" width=\"829\" height=\"693\" srcset=\"https:\/\/www.conselharan.org\/wp-content\/uploads\/2015\/11\/Diapositiva1.jpg 829w, https:\/\/www.conselharan.org\/wp-content\/uploads\/2015\/11\/Diapositiva1-300x251.jpg 300w\" sizes=\"(max-width: 829px) 100vw, 829px\" \/><\/a><\/p>\n<p>&nbsp;<\/p>\n<p>El <strong>CECAT-<\/strong> Centre de Cooperaci\u00f3 operativa de Catalunya ha comunicat que, a partir de les informacions facilitades per la Confederaci\u00f3n Hidrogr\u00e1fica del Ebro (CHE), el Pla Especial d&#8217;emerg\u00e8ncies per inundacions de Catalunya <strong>(INUNCAT)<\/strong> es mant\u00e9 en fase de <strong>Prealerta<\/strong>. Segons la CHE, es preveu que les pluges de dem\u00e0 al mat\u00ed, arrosseguin la neu que ha caigut fins ara al voltant de la conca del Garona cap al riu, ajudant a augmentar el seu cabal de manera molt important. A mesura que avanci la tarda d\u2019avui i la precipitaci\u00f3 augmenti, es preveu que el cabal del <strong>Garona<\/strong> pugi de manera significativa.<\/p>\n ","protected":false},"excerpt":{"rendered":"<p>&nbsp; El CECAT- Centre de Cooperaci\u00f3 operativa de Catalunya ha comunicat que, a partir de les informacions facilitades per la Confederaci\u00f3n Hidrogr\u00e1fica del Ebro (CHE), el Pla Especial d&#8217;emerg\u00e8ncies per inundacions de Catalunya (INUNCAT) es mant\u00e9 en fase de Prealerta. Segons la CHE, es preveu que les pluges de dem\u00e0 al mat\u00ed, arrosseguin la neu&#8230;<\/p>\n","protected":false},"author":2,"featured_media":8998,"comment_status":"closed","ping_status":"closed","sticky":false,"template":"","format":"standard","meta":{"footnotes":""},"categories":[31,33,36],"tags":[],"_links":{"self":[{"href":"https:\/\/www.conselharan.org\/ca\/wp-json\/wp\/v2\/posts\/9032"}],"collection":[{"href":"https:\/\/www.conselharan.org\/ca\/wp-json\/wp\/v2\/posts"}],"about":[{"href":"https:\/\/www.conselharan.org\/ca\/wp-json\/wp\/v2\/types\/post"}],"author":[{"embeddable":true,"href":"https:\/\/www.conselharan.org\/ca\/wp-json\/wp\/v2\/users\/2"}],"replies":[{"embeddable":true,"href":"https:\/\/www.conselharan.org\/ca\/wp-json\/wp\/v2\/comments?post=9032"}],"version-history":[{"count":2,"href":"https:\/\/www.conselharan.org\/ca\/wp-json\/wp\/v2\/posts\/9032\/revisions"}],"predecessor-version":[{"id":9034,"href":"https:\/\/www.conselharan.org\/ca\/wp-json\/wp\/v2\/posts\/9032\/revisions\/9034"}],"wp:featuredmedia":[{"embeddable":true,"href":"https:\/\/www.conselharan.org\/ca\/wp-json\/wp\/v2\/media\/8998"}],"wp:attachment":[{"href":"https:\/\/www.conselharan.org\/ca\/wp-json\/wp\/v2\/media?parent=9032"}],"wp:term":[{"taxonomy":"category","embeddable":true,"href":"https:\/\/www.conselharan.org\/ca\/wp-json\/wp\/v2\/categories?post=9032"},{"taxonomy":"post_tag","embeddable":true,"href":"https:\/\/www.conselharan.org\/ca\/wp-json\/wp\/v2\/tags?post=9032"}],"curies":[{"name":"wp","href":"https:\/\/api.w.org\/{rel}","templated":true}]}}