{"id":9047,"date":"2015-11-25T15:38:37","date_gmt":"2015-11-25T14:38:37","guid":{"rendered":"http:\/\/www.conselharan.org\/ca\/?p=9047"},"modified":"2015-11-25T15:38:37","modified_gmt":"2015-11-25T14:38:37","slug":"lectura-del-manifest-contra-la-violencia-de-genere","status":"publish","type":"post","link":"https:\/\/www.conselharan.org\/ca\/lectura-del-manifest-contra-la-violencia-de-genere\/","title":{"rendered":"Lectura del Manifest contra la Viol\u00e8ncia de G\u00e8nere"},"content":{"rendered":"<p><strong>\u2022 Avui a la tarda es projectar\u00e0 un documental i es donar\u00e0 informaci\u00f3 sobre el Protocol d\u2019Intervenci\u00f3 de la Viol\u00e8ncia de G\u00e8nere a la Val d\u2019Aran.<\/strong><\/p>\n<p><a href=\"http:\/\/www.conselharan.org\/wp-content\/uploads\/2015\/11\/DSC_0162.jpg\"><img loading=\"lazy\" decoding=\"async\" class=\"aligncenter size-large wp-image-9044\" src=\"http:\/\/www.conselharan.org\/wp-content\/uploads\/2015\/11\/DSC_0162-1024x503.jpg\" alt=\"DSC_0162\" width=\"1024\" height=\"503\" srcset=\"https:\/\/www.conselharan.org\/wp-content\/uploads\/2015\/11\/DSC_0162-1024x503.jpg 1024w, https:\/\/www.conselharan.org\/wp-content\/uploads\/2015\/11\/DSC_0162-300x147.jpg 300w\" sizes=\"(max-width: 1024px) 100vw, 1024px\" \/><\/a><\/p>\n<p>&nbsp;<\/p>\n<p>Avui amb motiu del Dia Internacional contra la Viol\u00e8ncia de G\u00e8nere, la conselh\u00e8ra de Turisme i Desenvolupament Econ\u00f2mic d\u2019Aran,<strong> Anna D\u00edaz<\/strong>, ha llegit en la seu del Conselh Generau d\u2019Aran el <strong>Manifest<\/strong> contra la viol\u00e8ncia de g\u00e8nere.<\/p>\n<p>En paraules de la conselh\u00e8ra<strong> Anna D\u00edaz, \u201cdes del Gov\u00e8rn d&#8217;Aran, tenim l&#8217;obligaci\u00f3 de crear consci\u00e8ncia col\u2022lectiva sobre aquesta violaci\u00f3 tan flagrant dels drets humans. De continuar, comprometent-nos, per donar especial atenci\u00f3 i dedicaci\u00f3 per eradicar la viol\u00e8ncia contra la dona, mitjan\u00e7ant el compliment dels objectius en igualtat de g\u00e8nere, desenvolupament i pau. Som aqu\u00ed per demanar-vos que us uniu a aquest manifest com s\u00edmbol de rebuig a aquesta lacra social que empobreix la nostra societat; que denuncieu i condemneu, i que proclameu que cap dona ha de ser maltractada per tant no existeix cap justificaci\u00f3. Perqu\u00e8, cada dia \u00e9s una nova oportunitat per que junts, concentrem la nostra lluita contra aquesta crua realitat\u201d.<\/strong><\/p>\n<p><strong>D\u00edaz<\/strong> ha afegit \u201c<strong>vull agrair el treball realitzat per les institucions implicades en l\u2019atenci\u00f3 i prevenci\u00f3 de la viol\u00e8ncia de g\u00e8nere, Mossos d\u2019Esquadra, entitats judicials, els professionals sanitaris, el Servei d&#8217;informaci\u00f3 i Atenci\u00f3 a la Dona, Serveis Socials, els Centres Educatius, C\u00e0ritas, entitats i associacions de dones\u201d.<\/strong><\/p>\n<p>El <strong>Conselh Generau d\u2019Aran,<\/strong> per mitj\u00e0 del <strong>Servei d&#8217;Informaci\u00f3 i Atenci\u00f3 a la Dona (SIAH)<\/strong>, commemora el Dia Internacional contra la viol\u00e8ncia de g\u00e8nere amb diversos actes. <strong>Avui, 25 de novembre a les 20:00 hores<\/strong> en la seu del Conselh Generau, tindr\u00e0 lloc la projecci\u00f3 del documental \u201c<strong>La maleta de Marta<\/strong>\u201d, on es mostra la lluita d\u2019una dona maltractada i d\u2019alguns homes que han estat agressors i segueixen un programa de rehabilitaci\u00f3. Tot seguit i per tancar els actes commemoratius, en el Conselh <strong>a les 21:15 hores<\/strong>, es donar\u00e0 informaci\u00f3 sobre el <strong>Protocol d\u2019Intervenci\u00f3 de la Viol\u00e8ncia de G\u00e8nere a la Val d\u2019Aran.<\/strong><\/p>\n<p>Tamb\u00e9 fins al 9 de desembre s\u2019imparteix un <strong>curs d\u2019autodefensa al Palai de G\u00e8u de Vielha.<\/strong><\/p>\n ","protected":false},"excerpt":{"rendered":"<p>\u2022 Avui a la tarda es projectar\u00e0 un documental i es donar\u00e0 informaci\u00f3 sobre el Protocol d\u2019Intervenci\u00f3 de la Viol\u00e8ncia de G\u00e8nere a la Val d\u2019Aran. &nbsp; Avui amb motiu del Dia Internacional contra la Viol\u00e8ncia de G\u00e8nere, la conselh\u00e8ra de Turisme i Desenvolupament Econ\u00f2mic d\u2019Aran, Anna D\u00edaz, ha llegit en la seu del Conselh&#8230;<\/p>\n","protected":false},"author":2,"featured_media":9044,"comment_status":"closed","ping_status":"closed","sticky":false,"template":"","format":"standard","meta":{"footnotes":""},"categories":[31,33,36],"tags":[],"_links":{"self":[{"href":"https:\/\/www.conselharan.org\/ca\/wp-json\/wp\/v2\/posts\/9047"}],"collection":[{"href":"https:\/\/www.conselharan.org\/ca\/wp-json\/wp\/v2\/posts"}],"about":[{"href":"https:\/\/www.conselharan.org\/ca\/wp-json\/wp\/v2\/types\/post"}],"author":[{"embeddable":true,"href":"https:\/\/www.conselharan.org\/ca\/wp-json\/wp\/v2\/users\/2"}],"replies":[{"embeddable":true,"href":"https:\/\/www.conselharan.org\/ca\/wp-json\/wp\/v2\/comments?post=9047"}],"version-history":[{"count":1,"href":"https:\/\/www.conselharan.org\/ca\/wp-json\/wp\/v2\/posts\/9047\/revisions"}],"predecessor-version":[{"id":9048,"href":"https:\/\/www.conselharan.org\/ca\/wp-json\/wp\/v2\/posts\/9047\/revisions\/9048"}],"wp:featuredmedia":[{"embeddable":true,"href":"https:\/\/www.conselharan.org\/ca\/wp-json\/wp\/v2\/media\/9044"}],"wp:attachment":[{"href":"https:\/\/www.conselharan.org\/ca\/wp-json\/wp\/v2\/media?parent=9047"}],"wp:term":[{"taxonomy":"category","embeddable":true,"href":"https:\/\/www.conselharan.org\/ca\/wp-json\/wp\/v2\/categories?post=9047"},{"taxonomy":"post_tag","embeddable":true,"href":"https:\/\/www.conselharan.org\/ca\/wp-json\/wp\/v2\/tags?post=9047"}],"curies":[{"name":"wp","href":"https:\/\/api.w.org\/{rel}","templated":true}]}}