{"id":9081,"date":"2015-11-27T13:02:01","date_gmt":"2015-11-27T12:02:01","guid":{"rendered":"http:\/\/www.conselharan.org\/ca\/efectes-collateraus-dera-nheuada-e-aiguats\/"},"modified":"2015-11-27T13:02:01","modified_gmt":"2015-11-27T12:02:01","slug":"efectes-collateraus-dera-nheuada-e-aiguats","status":"publish","type":"post","link":"https:\/\/www.conselharan.org\/ca\/efectes-collateraus-dera-nheuada-e-aiguats\/","title":{"rendered":"Ef\u00e8ctes &#8220;collateraus&#8221; dera nheuada e aiguats"},"content":{"rendered":"<ul>\n<li><strong>Eth Conselh Generau d&#8217;Aran est\u00e0 trabalhant en manteniment des pistes.<\/strong><\/li>\n<li><strong>Es pistes m\u00e8s afectades an estat Varrad\u00f2s e era Atiga de Lin.<\/strong><\/li>\n<\/ul>\n<p><a href=\"http:\/\/www.conselharan.org\/wp-content\/uploads\/2015\/11\/barranc.jpg\"><img loading=\"lazy\" decoding=\"async\" class=\"aligncenter size-large wp-image-9076\" src=\"http:\/\/www.conselharan.org\/wp-content\/uploads\/2015\/11\/barranc-1024x768.jpg\" alt=\"barranc\" width=\"1024\" height=\"768\" srcset=\"https:\/\/www.conselharan.org\/wp-content\/uploads\/2015\/11\/barranc-1024x768.jpg 1024w, https:\/\/www.conselharan.org\/wp-content\/uploads\/2015\/11\/barranc-300x225.jpg 300w\" sizes=\"(max-width: 1024px) 100vw, 1024px\" \/><\/a><\/p>\n<p>&nbsp;<\/p>\n<p><a href=\"http:\/\/www.conselharan.org\/wp-content\/uploads\/2015\/11\/barranc-2.jpg\"><img loading=\"lazy\" decoding=\"async\" class=\"aligncenter size-large wp-image-9078\" src=\"http:\/\/www.conselharan.org\/wp-content\/uploads\/2015\/11\/barranc-2-1024x768.jpg\" alt=\"barranc 2\" width=\"1024\" height=\"768\" srcset=\"https:\/\/www.conselharan.org\/wp-content\/uploads\/2015\/11\/barranc-2-1024x768.jpg 1024w, https:\/\/www.conselharan.org\/wp-content\/uploads\/2015\/11\/barranc-2-300x225.jpg 300w\" sizes=\"(max-width: 1024px) 100vw, 1024px\" \/><\/a><\/p>\n ","protected":false},"excerpt":{"rendered":"<p>Eth Conselh Generau d&#8217;Aran est\u00e0 trabalhant en manteniment des pistes. Es pistes m\u00e8s afectades an estat Varrad\u00f2s e era Atiga de Lin. &nbsp;<\/p>\n","protected":false},"author":2,"featured_media":0,"comment_status":"closed","ping_status":"closed","sticky":false,"template":"","format":"standard","meta":{"footnotes":""},"categories":[31,33,36],"tags":[],"_links":{"self":[{"href":"https:\/\/www.conselharan.org\/ca\/wp-json\/wp\/v2\/posts\/9081"}],"collection":[{"href":"https:\/\/www.conselharan.org\/ca\/wp-json\/wp\/v2\/posts"}],"about":[{"href":"https:\/\/www.conselharan.org\/ca\/wp-json\/wp\/v2\/types\/post"}],"author":[{"embeddable":true,"href":"https:\/\/www.conselharan.org\/ca\/wp-json\/wp\/v2\/users\/2"}],"replies":[{"embeddable":true,"href":"https:\/\/www.conselharan.org\/ca\/wp-json\/wp\/v2\/comments?post=9081"}],"version-history":[{"count":0,"href":"https:\/\/www.conselharan.org\/ca\/wp-json\/wp\/v2\/posts\/9081\/revisions"}],"wp:attachment":[{"href":"https:\/\/www.conselharan.org\/ca\/wp-json\/wp\/v2\/media?parent=9081"}],"wp:term":[{"taxonomy":"category","embeddable":true,"href":"https:\/\/www.conselharan.org\/ca\/wp-json\/wp\/v2\/categories?post=9081"},{"taxonomy":"post_tag","embeddable":true,"href":"https:\/\/www.conselharan.org\/ca\/wp-json\/wp\/v2\/tags?post=9081"}],"curies":[{"name":"wp","href":"https:\/\/api.w.org\/{rel}","templated":true}]}}