{"id":9094,"date":"2015-11-28T08:00:04","date_gmt":"2015-11-28T07:00:04","guid":{"rendered":"http:\/\/www.conselharan.org\/ca\/?p=9094"},"modified":"2015-11-27T15:09:31","modified_gmt":"2015-11-27T14:09:31","slug":"el-conselh-generau-daran-instal%e2%80%a2la-noves-marquesines-en-les-parades-del-transport-public","status":"publish","type":"post","link":"https:\/\/www.conselharan.org\/ca\/el-conselh-generau-daran-instal%e2%80%a2la-noves-marquesines-en-les-parades-del-transport-public\/","title":{"rendered":"El Conselh Generau d\u2019Aran instal\u2022la noves marquesines en les parades del transport p\u00fablic"},"content":{"rendered":"<p><a href=\"http:\/\/www.conselharan.org\/wp-content\/uploads\/2015\/11\/marquesina-gar\u00f2s.jpg\"><img loading=\"lazy\" decoding=\"async\" class=\"aligncenter size-large wp-image-9092\" src=\"http:\/\/www.conselharan.org\/wp-content\/uploads\/2015\/11\/marquesina-gar\u00f2s-1024x768.jpg\" alt=\"marquesina-gar\u00f2s\" width=\"1024\" height=\"768\" srcset=\"https:\/\/www.conselharan.org\/wp-content\/uploads\/2015\/11\/marquesina-gar\u00f2s-1024x768.jpg 1024w, https:\/\/www.conselharan.org\/wp-content\/uploads\/2015\/11\/marquesina-gar\u00f2s-300x225.jpg 300w, https:\/\/www.conselharan.org\/wp-content\/uploads\/2015\/11\/marquesina-gar\u00f2s.jpg 1600w\" sizes=\"(max-width: 1024px) 100vw, 1024px\" \/><\/a><\/p>\n<p>&nbsp;<\/p>\n<p>El Conselh Generau d\u2019Aran, per mitj\u00e0 de la empresa <strong>Serveis Ambientals de la Val d\u2019Aran (SAVA, S.L.),<\/strong> segueix substituint les marquesines de parada de transport p\u00fablic de la Val d\u2019Aran, el nou model dissenyat pel propi Conselh Generau t\u00e9 una estructura met\u00e0l\u2022lica m\u00e9s resistent per evitar actes vand\u00e0lics que es produ\u00efen en l&#8217;anterior model en el qual predominava el tancament de vidre.<\/p>\n<p>Aquest nou model \u00e9s bastant m\u00e9s resistent, incl\u00f2s a l&#8217;impacte de la neu produ\u00eft per les m\u00e0quines de neteja de carreteres. Aquest aspecte tamb\u00e9 incidia en la ruptura sobretot de la part baixa dels vidres frontals de les marquesines ubicades en la carretera N-230 i C-28.<\/p>\n<p>En paraules del sindic d\u2019Aran, <strong>Carlos Barrera, \u201cel nou model permet continuar visualitzant tot l&#8217;entorn de la carretera p\u00fablica i tamb\u00e9 de l&#8217;arribada dels vehicles de transport. Aquest \u00faltim aspecte s\u2019ha vist complementat amb la informaci\u00f3 digital hor\u00e0ria d\u2019arribada que ja est\u00e0 instal\u2022lada en les marquesines\u201d.<\/strong><\/p>\n ","protected":false},"excerpt":{"rendered":"<p>&nbsp; El Conselh Generau d\u2019Aran, per mitj\u00e0 de la empresa Serveis Ambientals de la Val d\u2019Aran (SAVA, S.L.), segueix substituint les marquesines de parada de transport p\u00fablic de la Val d\u2019Aran, el nou model dissenyat pel propi Conselh Generau t\u00e9 una estructura met\u00e0l\u2022lica m\u00e9s resistent per evitar actes vand\u00e0lics que es produ\u00efen en l&#8217;anterior model&#8230;<\/p>\n","protected":false},"author":2,"featured_media":9092,"comment_status":"closed","ping_status":"closed","sticky":false,"template":"","format":"standard","meta":{"footnotes":""},"categories":[31,53,33,36],"tags":[],"_links":{"self":[{"href":"https:\/\/www.conselharan.org\/ca\/wp-json\/wp\/v2\/posts\/9094"}],"collection":[{"href":"https:\/\/www.conselharan.org\/ca\/wp-json\/wp\/v2\/posts"}],"about":[{"href":"https:\/\/www.conselharan.org\/ca\/wp-json\/wp\/v2\/types\/post"}],"author":[{"embeddable":true,"href":"https:\/\/www.conselharan.org\/ca\/wp-json\/wp\/v2\/users\/2"}],"replies":[{"embeddable":true,"href":"https:\/\/www.conselharan.org\/ca\/wp-json\/wp\/v2\/comments?post=9094"}],"version-history":[{"count":1,"href":"https:\/\/www.conselharan.org\/ca\/wp-json\/wp\/v2\/posts\/9094\/revisions"}],"predecessor-version":[{"id":9095,"href":"https:\/\/www.conselharan.org\/ca\/wp-json\/wp\/v2\/posts\/9094\/revisions\/9095"}],"wp:featuredmedia":[{"embeddable":true,"href":"https:\/\/www.conselharan.org\/ca\/wp-json\/wp\/v2\/media\/9092"}],"wp:attachment":[{"href":"https:\/\/www.conselharan.org\/ca\/wp-json\/wp\/v2\/media?parent=9094"}],"wp:term":[{"taxonomy":"category","embeddable":true,"href":"https:\/\/www.conselharan.org\/ca\/wp-json\/wp\/v2\/categories?post=9094"},{"taxonomy":"post_tag","embeddable":true,"href":"https:\/\/www.conselharan.org\/ca\/wp-json\/wp\/v2\/tags?post=9094"}],"curies":[{"name":"wp","href":"https:\/\/api.w.org\/{rel}","templated":true}]}}