{"id":9369,"date":"2015-12-12T07:58:36","date_gmt":"2015-12-12T06:58:36","guid":{"rendered":"http:\/\/www.conselharan.org\/ca\/?p=9369"},"modified":"2015-12-12T07:58:36","modified_gmt":"2015-12-12T06:58:36","slug":"la-consellera-de-governacio-i-relacions-institucionals-meritxell-borras-es-reuneix-amb-els-responsables-de-liea-academia-aranesa-de-la-llengua-occitana","status":"publish","type":"post","link":"https:\/\/www.conselharan.org\/ca\/la-consellera-de-governacio-i-relacions-institucionals-meritxell-borras-es-reuneix-amb-els-responsables-de-liea-academia-aranesa-de-la-llengua-occitana\/","title":{"rendered":"La consellera de Governaci\u00f3 i Relacions Institucionals Meritxell Borr\u00e0s es reuneix amb els responsables de l\u2019IEA &#8211; Acad\u00e8mia Aranesa de la Llengua Occitana"},"content":{"rendered":"<p><strong>El sindic d\u2019Aran Carlos Barrera, ha acompanyat la consellera de Governaci\u00f3 i Relacions Institucionals de la Generalitat de Catalunya Meritxell Borr\u00e0s a la trobada que ha mantingut amb els responsables de l\u2019IEA &#8211; Acad\u00e8mia Aranesa de la Llengua Occitana durant la seva visita a la Val d\u2019Aran.<\/strong><\/p>\n<p><strong>\u00a0<a href=\"http:\/\/www.conselharan.org\/wp-content\/uploads\/2015\/12\/DSC_03331-e1449903024162.jpg\"><img loading=\"lazy\" decoding=\"async\" class=\"aligncenter size-large wp-image-9365\" src=\"http:\/\/www.conselharan.org\/wp-content\/uploads\/2015\/12\/DSC_03331-e1449903024162-1024x538.jpg\" alt=\"iNSTITUT D'ESTUDIS aRANESI\" width=\"1024\" height=\"538\" srcset=\"https:\/\/www.conselharan.org\/wp-content\/uploads\/2015\/12\/DSC_03331-e1449903024162-1024x538.jpg 1024w, https:\/\/www.conselharan.org\/wp-content\/uploads\/2015\/12\/DSC_03331-e1449903024162-300x158.jpg 300w\" sizes=\"(max-width: 1024px) 100vw, 1024px\" \/><\/a><\/strong><\/p>\n<p>El president de l\u2019Institut d\u2019Estudis Aranesos &#8211; Acad\u00e8mia Aranesa de la Llengua Occitana <strong>Jus\u00e8p Lo\u00eds Sans<\/strong>, ha explicat que <strong>Catalunya t\u00e9 12 acad\u00e8mies de les quals 11 tenen la seva seu a Barcelona i nom\u00e9s una, l\u2019Acad\u00e8mia Aranesa de la Llengua Occitana, t\u00e9 la seva seu a la Val d\u2019Aran, essent l\u2019\u00fanica estructura que t\u00e9 autoritat sobre la llengua Occitana arreu del m\u00f3n.<\/strong> El que ens omple d\u2019il\u00b7lusi\u00f3 per\u00f2 tamb\u00e9 representa una gran responsabilitat, ha afegit.<\/p>\n<p>Sans ha posat en coneixement de la consellera els primers treballs que ha dut a terme l\u2019Acad\u00e8mia, com s\u00f3n <strong>l\u2019edici\u00f3 dels discursos dels membres de l\u2019Acad\u00e8mia<\/strong> pronunciats el dia de l\u2019acte inaugural, la <strong>primera Normativa Ortogr\u00e0fica sobre l\u2019Occit\u00e0 est\u00e0ndard<\/strong>, i l\u2019edici\u00f3 de la <strong>primera Gram\u00e0tica B\u00e0sica d\u2019Occit\u00e0 -Aran\u00e8s<\/strong>.<\/p>\n<p>Per la seva part la consellera de Governaci\u00f3 <strong>Meritxell Borr\u00e0s<\/strong>, s\u2019ha comprom\u00e8s a posar en coneixement dels responsables de l\u2019<strong>Escola d\u2019Administraci\u00f3 P\u00fablica de Catalunya<\/strong> la tasca que porta a terme l\u2019Acad\u00e8mia Aranesa de la Llengua Occitana, per posar la a disposici\u00f3 dels treballadors de la funci\u00f3 p\u00fablica catalana, ja que ha dit, hem de continuar esfor\u00e7ant-nos pel coneixement de l\u2019aran\u00e8s que, ha recordat, \u00e9s llengua oficial a Catalunya.<\/p>\n<p>El sindic d\u2019Aran <strong>Carlos Barrera<\/strong>, ha volgut agrair a la consellera com a representant del Govern de la Generalitat i al Parlament de Catalunya, la col\u00b7laboraci\u00f3 que han rebut les institucions araneses i de manera especial el Conselh Generau d\u2019Aran per fer el que ha definit que es va plantejar com un somni impossible, i que avui ja \u00e9s tota una realitat. <strong>Barrera ha definit l\u2019IEA- Acad\u00e8mia Aranesa de la Llengua Occitana com l\u2019\u00fanic instrument que pot donar aixopluc i reconeixement a la llengua aranesa.<\/strong><\/p>\n<p><a href=\"http:\/\/www.conselharan.org\/wp-content\/uploads\/2015\/12\/DSC_0317-e1449903199733.jpg\"><img loading=\"lazy\" decoding=\"async\" class=\"aligncenter size-large wp-image-9366\" src=\"http:\/\/www.conselharan.org\/wp-content\/uploads\/2015\/12\/DSC_0317-e1449903199733-1024x488.jpg\" alt=\"DSC_0317\" width=\"1024\" height=\"488\" srcset=\"https:\/\/www.conselharan.org\/wp-content\/uploads\/2015\/12\/DSC_0317-e1449903199733-1024x488.jpg 1024w, https:\/\/www.conselharan.org\/wp-content\/uploads\/2015\/12\/DSC_0317-e1449903199733-300x143.jpg 300w\" sizes=\"(max-width: 1024px) 100vw, 1024px\" \/><\/a><\/p>\n ","protected":false},"excerpt":{"rendered":"<p>El sindic d\u2019Aran Carlos Barrera, ha acompanyat la consellera de Governaci\u00f3 i Relacions Institucionals de la Generalitat de Catalunya Meritxell Borr\u00e0s a la trobada que ha mantingut amb els responsables de l\u2019IEA &#8211; Acad\u00e8mia Aranesa de la Llengua Occitana durant la seva visita a la Val d\u2019Aran. \u00a0 El president de l\u2019Institut d\u2019Estudis Aranesos &#8211;&#8230;<\/p>\n","protected":false},"author":2,"featured_media":9365,"comment_status":"closed","ping_status":"closed","sticky":false,"template":"","format":"standard","meta":{"footnotes":""},"categories":[53],"tags":[],"_links":{"self":[{"href":"https:\/\/www.conselharan.org\/ca\/wp-json\/wp\/v2\/posts\/9369"}],"collection":[{"href":"https:\/\/www.conselharan.org\/ca\/wp-json\/wp\/v2\/posts"}],"about":[{"href":"https:\/\/www.conselharan.org\/ca\/wp-json\/wp\/v2\/types\/post"}],"author":[{"embeddable":true,"href":"https:\/\/www.conselharan.org\/ca\/wp-json\/wp\/v2\/users\/2"}],"replies":[{"embeddable":true,"href":"https:\/\/www.conselharan.org\/ca\/wp-json\/wp\/v2\/comments?post=9369"}],"version-history":[{"count":1,"href":"https:\/\/www.conselharan.org\/ca\/wp-json\/wp\/v2\/posts\/9369\/revisions"}],"predecessor-version":[{"id":9370,"href":"https:\/\/www.conselharan.org\/ca\/wp-json\/wp\/v2\/posts\/9369\/revisions\/9370"}],"wp:featuredmedia":[{"embeddable":true,"href":"https:\/\/www.conselharan.org\/ca\/wp-json\/wp\/v2\/media\/9365"}],"wp:attachment":[{"href":"https:\/\/www.conselharan.org\/ca\/wp-json\/wp\/v2\/media?parent=9369"}],"wp:term":[{"taxonomy":"category","embeddable":true,"href":"https:\/\/www.conselharan.org\/ca\/wp-json\/wp\/v2\/categories?post=9369"},{"taxonomy":"post_tag","embeddable":true,"href":"https:\/\/www.conselharan.org\/ca\/wp-json\/wp\/v2\/tags?post=9369"}],"curies":[{"name":"wp","href":"https:\/\/api.w.org\/{rel}","templated":true}]}}