{"id":9461,"date":"2015-12-17T11:33:46","date_gmt":"2015-12-17T10:33:46","guid":{"rendered":"http:\/\/www.conselharan.org\/ca\/?p=9461"},"modified":"2015-12-17T11:33:46","modified_gmt":"2015-12-17T10:33:46","slug":"conveni-de-col%e2%80%a2laboracio-entre-el-conselh-generau-daran-i-el-conselh-esportiu-de-la-val-daran","status":"publish","type":"post","link":"https:\/\/www.conselharan.org\/ca\/conveni-de-col%e2%80%a2laboracio-entre-el-conselh-generau-daran-i-el-conselh-esportiu-de-la-val-daran\/","title":{"rendered":"Conveni de col\u2022laboraci\u00f3 entre el Conselh Generau d\u2019Aran i el Conselh Esportiu de la Val d\u2019Aran"},"content":{"rendered":"<p><a href=\"http:\/\/www.conselharan.org\/wp-content\/uploads\/2015\/12\/vicesindic-Conselh-Esportiu.jpg\"><img loading=\"lazy\" decoding=\"async\" class=\"aligncenter size-large wp-image-9459\" src=\"http:\/\/www.conselharan.org\/wp-content\/uploads\/2015\/12\/vicesindic-Conselh-Esportiu-1024x685.jpg\" alt=\"vicesindic-Conselh Esportiu\" width=\"1024\" height=\"685\" srcset=\"https:\/\/www.conselharan.org\/wp-content\/uploads\/2015\/12\/vicesindic-Conselh-Esportiu-1024x685.jpg 1024w, https:\/\/www.conselharan.org\/wp-content\/uploads\/2015\/12\/vicesindic-Conselh-Esportiu-300x201.jpg 300w\" sizes=\"(max-width: 1024px) 100vw, 1024px\" \/><\/a><\/p>\n<p>El Gov\u00e8rn del Conselh Generau d\u2019Aran ha signat amb el Conselh Esportiu de la Val d\u2019Aran el conveni de col\u2022laboraci\u00f3 pel qual es fomenta l&#8217;esport en edat escolar.<\/p>\n<p>En paraules de la presidenta del Conselh Esportiu, <strong>Ma Jos\u00e9 Est\u00e9vez, \u201ccom un dels principals objectius tenim el foment, l&#8217;organitzaci\u00f3 i la promoci\u00f3 de l&#8217;activitat esportiva en edat escolar dins del territori, partint de la premissa que mitjan\u00e7ant els valors educatius i formatius impl\u00edcits en l&#8217;esport, poden transmetre&#8217;s valors positius per la societat com l\u2019acceptaci\u00f3 de les regles, el civisme, el treball en l&#8217;equip, el respecte, la toler\u00e0ncia, el di\u00e0leg i la comprensi\u00f3\u201d.<\/strong><\/p>\n<p>Per la seva part, el vicesindic i conselh\u00e8r d\u2019Esports d\u2019Aran, <strong>Lu\u00eds Carlos Medina, ha assenyalat \u201c\u00e9s necess\u00e0ria aquesta col\u2022laboraci\u00f3 amb el Conselh Esportiu pel manteniment de les seves funcions i de l&#8217;esport en edat escolar a la Val d\u2019Aran com motor d\u2019integraci\u00f3, de salut i de conviv\u00e8ncia entre la joventut de la Val d\u2019Aran\u201d.<\/strong><\/p>\n ","protected":false},"excerpt":{"rendered":"<p>El Gov\u00e8rn del Conselh Generau d\u2019Aran ha signat amb el Conselh Esportiu de la Val d\u2019Aran el conveni de col\u2022laboraci\u00f3 pel qual es fomenta l&#8217;esport en edat escolar. En paraules de la presidenta del Conselh Esportiu, Ma Jos\u00e9 Est\u00e9vez, \u201ccom un dels principals objectius tenim el foment, l&#8217;organitzaci\u00f3 i la promoci\u00f3 de l&#8217;activitat esportiva en&#8230;<\/p>\n","protected":false},"author":2,"featured_media":9459,"comment_status":"closed","ping_status":"closed","sticky":false,"template":"","format":"standard","meta":{"footnotes":""},"categories":[53,33],"tags":[],"_links":{"self":[{"href":"https:\/\/www.conselharan.org\/ca\/wp-json\/wp\/v2\/posts\/9461"}],"collection":[{"href":"https:\/\/www.conselharan.org\/ca\/wp-json\/wp\/v2\/posts"}],"about":[{"href":"https:\/\/www.conselharan.org\/ca\/wp-json\/wp\/v2\/types\/post"}],"author":[{"embeddable":true,"href":"https:\/\/www.conselharan.org\/ca\/wp-json\/wp\/v2\/users\/2"}],"replies":[{"embeddable":true,"href":"https:\/\/www.conselharan.org\/ca\/wp-json\/wp\/v2\/comments?post=9461"}],"version-history":[{"count":1,"href":"https:\/\/www.conselharan.org\/ca\/wp-json\/wp\/v2\/posts\/9461\/revisions"}],"predecessor-version":[{"id":9462,"href":"https:\/\/www.conselharan.org\/ca\/wp-json\/wp\/v2\/posts\/9461\/revisions\/9462"}],"wp:featuredmedia":[{"embeddable":true,"href":"https:\/\/www.conselharan.org\/ca\/wp-json\/wp\/v2\/media\/9459"}],"wp:attachment":[{"href":"https:\/\/www.conselharan.org\/ca\/wp-json\/wp\/v2\/media?parent=9461"}],"wp:term":[{"taxonomy":"category","embeddable":true,"href":"https:\/\/www.conselharan.org\/ca\/wp-json\/wp\/v2\/categories?post=9461"},{"taxonomy":"post_tag","embeddable":true,"href":"https:\/\/www.conselharan.org\/ca\/wp-json\/wp\/v2\/tags?post=9461"}],"curies":[{"name":"wp","href":"https:\/\/api.w.org\/{rel}","templated":true}]}}