{"id":9585,"date":"2015-12-28T19:09:18","date_gmt":"2015-12-28T18:09:18","guid":{"rendered":"http:\/\/www.conselharan.org\/ca\/?p=9585"},"modified":"2015-12-28T19:09:18","modified_gmt":"2015-12-28T18:09:18","slug":"el-ple-del-conselh-generau-daran-aprova-impulsar-un-circuit-de-promocio-internacional-de-les-festes-del-foc-de-la-unesco","status":"publish","type":"post","link":"https:\/\/www.conselharan.org\/ca\/el-ple-del-conselh-generau-daran-aprova-impulsar-un-circuit-de-promocio-internacional-de-les-festes-del-foc-de-la-unesco\/","title":{"rendered":"El Ple del Conselh Generau d\u2019Aran aprova impulsar un circuit de promoci\u00f3 internacional de les festes del foc de la UNESCO"},"content":{"rendered":"<p>A partir d\u2019una proposta del <strong>sindic d\u2019Aran Carlos Barrera<\/strong>, <strong>el ple del<\/strong> <strong>Conselh Generau d\u2019Aran<\/strong>, ha acordat en l\u2019\u00faltima sessi\u00f3 de l\u2019any, <strong>impulsar la<\/strong> <strong>creaci\u00f3 d\u2019un<\/strong> <strong>circuit amb projecci\u00f3 internacional per potenciar el conjunt de tots els territoris on es celebren les festes del foc del solstici d\u2019estiu dels Pirineus<\/strong>, recentment declarades Patrimoni Cultural Immaterial de la Humanitat de la UNESCO,per donar un <strong>suport especial a la promoci\u00f3 espec\u00edfica de les festes del Haro i el Taro que es celebren a Les i Arties<\/strong>. La proposta, ha assenyalat <strong>Barrera<\/strong> <strong>\u201cha de servir per potenciar i posar en valor aquesta realitat cultural i patrimonial de la Val d\u2019Aran\u201d<\/strong>. La intenci\u00f3 del Conselh Generau d\u2019Aran, \u00e9s coordinar aquestes accions amb la resta dels representants de les comunitats de les falles del Pirineu que inclouen 63 pobles d\u2019Andorra, Fran\u00e7a i Espanya.<\/p>\n<p><a href=\"http:\/\/www.conselharan.org\/wp-content\/uploads\/2015\/12\/DSC_0198.jpg\"><img loading=\"lazy\" decoding=\"async\" class=\"aligncenter size-large wp-image-9581\" src=\"http:\/\/www.conselharan.org\/wp-content\/uploads\/2015\/12\/DSC_0198-1024x547.jpg\" alt=\"DSC_0198\" width=\"1024\" height=\"547\" srcset=\"https:\/\/www.conselharan.org\/wp-content\/uploads\/2015\/12\/DSC_0198-1024x547.jpg 1024w, https:\/\/www.conselharan.org\/wp-content\/uploads\/2015\/12\/DSC_0198-300x160.jpg 300w, https:\/\/www.conselharan.org\/wp-content\/uploads\/2015\/12\/DSC_0198.jpg 1200w\" sizes=\"(max-width: 1024px) 100vw, 1024px\" \/><\/a><\/p>\n<p>Ja fa m\u00e9s de dos anys els responsables de l\u2019\u00c0rea de <strong>Cultura i Patrimoni del Conselh Generau d\u2019Aran<\/strong> van elaborar un estudi per qu\u00e8 aquestes festes catalogades com a festes patrimonials de la Val d\u2019Aran , fossin declarades com BCIL (B\u00e9 Cultural d\u2019inter\u00e8s Local) i BCIN (B\u00e9 Cultural d\u2019inter\u00e8s Nacional), dins de la documentaci\u00f3 pr\u00e8via a la declaraci\u00f3 de la UNESCO.<\/p>\n<p>El Ple del Conselh Generau d\u2019Aran, ha aprovat tamb\u00e9 per unanimitat, una moci\u00f3 per commemorar el dia internacional contra la viol\u00e8ncia de g\u00e8nere.<\/p>\n<p>Finalment, pel que fa a la valoraci\u00f3 dels aspectes m\u00e9s destacats de l\u2019any 2015, el <strong>sindic<\/strong> <strong>d\u2019Aran<\/strong> <strong>Carlos Barrera<\/strong>, ha destacat l\u2019entrada en vigor de la nova Llei de r\u00e8gim especial de la Val d\u2019Aran aprovada per majoria absoluta al Parlament de Catalunya, que dona resposta a les necessitats d\u2019autogovern de la Val d\u2019Aran i avan\u00e7a en la millora del finan\u00e7ament del Conselh Generau d\u2019Aran.<\/p>\n<p><a href=\"http:\/\/www.conselharan.org\/wp-content\/uploads\/2015\/12\/DSC_0195.jpg\"><img loading=\"lazy\" decoding=\"async\" class=\"aligncenter size-large wp-image-9580\" src=\"http:\/\/www.conselharan.org\/wp-content\/uploads\/2015\/12\/DSC_0195-1024x545.jpg\" alt=\"DSC_0195\" width=\"1024\" height=\"545\" srcset=\"https:\/\/www.conselharan.org\/wp-content\/uploads\/2015\/12\/DSC_0195-1024x545.jpg 1024w, https:\/\/www.conselharan.org\/wp-content\/uploads\/2015\/12\/DSC_0195-300x160.jpg 300w, https:\/\/www.conselharan.org\/wp-content\/uploads\/2015\/12\/DSC_0195.jpg 1200w\" sizes=\"(max-width: 1024px) 100vw, 1024px\" \/><\/a><\/p>\n ","protected":false},"excerpt":{"rendered":"<p>A partir d\u2019una proposta del sindic d\u2019Aran Carlos Barrera, el ple del Conselh Generau d\u2019Aran, ha acordat en l\u2019\u00faltima sessi\u00f3 de l\u2019any, impulsar la creaci\u00f3 d\u2019un circuit amb projecci\u00f3 internacional per potenciar el conjunt de tots els territoris on es celebren les festes del foc del solstici d\u2019estiu dels Pirineus, recentment declarades Patrimoni Cultural Immaterial&#8230;<\/p>\n","protected":false},"author":2,"featured_media":9581,"comment_status":"closed","ping_status":"closed","sticky":false,"template":"","format":"standard","meta":{"footnotes":""},"categories":[53],"tags":[],"_links":{"self":[{"href":"https:\/\/www.conselharan.org\/ca\/wp-json\/wp\/v2\/posts\/9585"}],"collection":[{"href":"https:\/\/www.conselharan.org\/ca\/wp-json\/wp\/v2\/posts"}],"about":[{"href":"https:\/\/www.conselharan.org\/ca\/wp-json\/wp\/v2\/types\/post"}],"author":[{"embeddable":true,"href":"https:\/\/www.conselharan.org\/ca\/wp-json\/wp\/v2\/users\/2"}],"replies":[{"embeddable":true,"href":"https:\/\/www.conselharan.org\/ca\/wp-json\/wp\/v2\/comments?post=9585"}],"version-history":[{"count":1,"href":"https:\/\/www.conselharan.org\/ca\/wp-json\/wp\/v2\/posts\/9585\/revisions"}],"predecessor-version":[{"id":9586,"href":"https:\/\/www.conselharan.org\/ca\/wp-json\/wp\/v2\/posts\/9585\/revisions\/9586"}],"wp:featuredmedia":[{"embeddable":true,"href":"https:\/\/www.conselharan.org\/ca\/wp-json\/wp\/v2\/media\/9581"}],"wp:attachment":[{"href":"https:\/\/www.conselharan.org\/ca\/wp-json\/wp\/v2\/media?parent=9585"}],"wp:term":[{"taxonomy":"category","embeddable":true,"href":"https:\/\/www.conselharan.org\/ca\/wp-json\/wp\/v2\/categories?post=9585"},{"taxonomy":"post_tag","embeddable":true,"href":"https:\/\/www.conselharan.org\/ca\/wp-json\/wp\/v2\/tags?post=9585"}],"curies":[{"name":"wp","href":"https:\/\/api.w.org\/{rel}","templated":true}]}}